{"id":2402,"__str__":"MO\u00c7\u00d5ES n\u00ba 33 de 2023","link_detail_backend":"/materia/2402","metadata":{},"numero":33,"ano":2023,"numero_protocolo":null,"data_apresentacao":"2023-06-20","tipo_apresentacao":"E","data_publicacao":null,"numero_origem_externa":"","ano_origem_externa":null,"data_origem_externa":null,"apelido":"","dias_prazo":null,"data_fim_prazo":null,"em_tramitacao":false,"polemica":false,"objeto":"","complementar":false,"ementa":"Exm\u00ba. Sr. Presidente da C\u00e2mara Municipal de Pocon\u00e9-MT.\r\n\r\n                       A C\u00e2mara Municipal de Pocon\u00e9, Estado de Mato Grosso, atrav\u00e9s dos Vereadores que a comp\u00f5em leg\u00edtimo representante do povo poconeano apresenta Mo\u00e7\u00e3o de Aplausos ao Contador Manoel Evaristo da Silva, que atua na \u00e1rea cont\u00e1bil h\u00e1 mais de 40 anos prestando servi\u00e7o de excel\u00eancia para a comunidade poconeana.\r\n\r\n                       Essa Mo\u00e7\u00e3o de Aplausos \u00e9 fruto do m\u00e9rito e reconhecimento desta Casa Legislativa, a esse profissional, pelo compromisso e dedica\u00e7\u00e3o, pela compet\u00eancia, efici\u00eancia e disponibilidade, durante todo o atendimento, exercendo sua profiss\u00e3o de forma incans\u00e1vel, sendo merecedor, portanto, de p\u00fablico seu reconhecimento.\r\n \r\nQue seja dado conhecimento desta ao homenageado. \r\n\r\n\r\nSala das Sess\u00f5es \u201cJosefa Gon\u00e7alves\u201d, em 19 de junho de 2023.\r\n\r\n\r\n \r\n                       Ver. Marcio Fernandes \u201cMarcinho\u201d, MDB.","indexacao":"","observacao":"","resultado":"","texto_original":"http://sapl.pocone.mt.leg.br/media/sapl/public/materialegislativa/2023/2402/mocao_de_aplauso_no_008-2023.pdf","data_ultima_atualizacao":"2023-06-26T10:03:38.453608-03:00","ip":"201.71.140.251","ultima_edicao":"2023-06-26T10:02:41.011196-03:00","tipo":6,"regime_tramitacao":1,"tipo_origem_externa":null,"local_origem_externa":null,"user":9,"anexadas":[],"autores":[21]}