{"id":2397,"__str__":"MO\u00c7\u00d5ES n\u00ba 28 de 2023","link_detail_backend":"/materia/2397","metadata":{},"numero":28,"ano":2023,"numero_protocolo":null,"data_apresentacao":"2023-06-20","tipo_apresentacao":"E","data_publicacao":null,"numero_origem_externa":"","ano_origem_externa":null,"data_origem_externa":null,"apelido":"","dias_prazo":null,"data_fim_prazo":null,"em_tramitacao":false,"polemica":false,"objeto":"","complementar":false,"ementa":"Exm\u00ba Sr\u00ba. Presidente da C\u00e2mara Municipal de Pocon\u00e9 - MT.\r\n\r\n                        A C\u00e2mara Municipal de Pocon\u00e9, Estado de Mato Grosso, atrav\u00e9s dos Vereadores que a comp\u00f5em leg\u00edtimo representante do povo poconeano apresenta Mo\u00e7\u00e3o de Aplausos ao Senhor Andrean Jhonatas de Lima, Diretor da Unidade de Pronto Atendimento M\u00e9dico \u2013 UPA, extensiva aos funcion\u00e1rios do setor de Raio X:  Rodrigo Alex da Silva Proen\u00e7a, Elexandro de Almeida Cintra, Cesar Rodrigues Barrinho, Olimpio de Arruda Leite Neto, Maria Renata Vicente Dorileo Campos, Lindomar Vicente da Silva, Aniely do Carmo Santos, Cleber do Nascimento, Hisler Freud Alencar Mendes Silva, pelo excelente trabalho que realizam junto \u00e0 popula\u00e7\u00e3o, sempre com muito empenho, dedica\u00e7\u00e3o e comprometimento.\r\n\r\n                      Sala das Sess\u00f5es \u201cJosefa Gon\u00e7alves\u201d, em 20 de junho de 2023.\r\n\r\nVereadora Jocilma Amaral, UB.                                          Vereadora Ageane Barros, UB.","indexacao":"","observacao":"","resultado":"","texto_original":"http://sapl.pocone.mt.leg.br/media/sapl/public/materialegislativa/2023/2397/mocao_de_aplauso_no_004-2023.pdf","data_ultima_atualizacao":"2023-06-26T09:13:28.469923-03:00","ip":"201.71.140.251","ultima_edicao":"2023-06-26T09:11:50.068322-03:00","tipo":6,"regime_tramitacao":1,"tipo_origem_externa":null,"local_origem_externa":null,"user":9,"anexadas":[],"autores":[26]}