{"id":2395,"__str__":"REQUERIMENTOS COMUNS n\u00ba 29 de 2023","link_detail_backend":"/materia/2395","metadata":{},"numero":29,"ano":2023,"numero_protocolo":null,"data_apresentacao":"2023-06-20","tipo_apresentacao":"","data_publicacao":null,"numero_origem_externa":"","ano_origem_externa":null,"data_origem_externa":null,"apelido":"","dias_prazo":null,"data_fim_prazo":"2023-06-20","em_tramitacao":false,"polemica":false,"objeto":"","complementar":false,"ementa":"Exm\u00ba. Sr\u00ba. Presidente da C\u00e2mara Municipal de Pocon\u00e9-MT. \r\nO Vereador que a este subscreve, nos termos do Regimento Interno da Casa, ouvido o Plen\u00e1rio, REQUER a Mesa Diretora seja oficiada os Senhores Renaldo Loffi, Diretor Presidente da Empresa Mato-grossense de Pesquisa, Assist\u00eancia e Extens\u00e3o Rural, (Empaer), Supervisor Regional da Empaer em Pocon\u00e9, Daniel Dalri, a Coordenadora de Pol\u00edticas P\u00fablicas da Empaer, Ieda Lopes de Souza Santos, para que a Empresa Mato-grossense de Pesquisa, Assist\u00eancia e Extens\u00e3o Rural (Empaer) esclare\u00e7a no prazo regimental a esta Casa de Leis, se houve atua\u00e7\u00e3o do escrit\u00f3rio de Pocon\u00e9 para auxiliar fam\u00edlias da agricultura familiar, para se cadastrarem e receberem recursos do Programa Fomento \u00e0s Atividades Produtivas Rurais no valor de R$ 2.400, cada fam\u00edlia.\r\nSala das Sess\u00f5es \u201cJosefa Gon\u00e7alves\u201d, em 20 de junho de 2023.\r\n\r\n \r\n                        Vereador Lu\u00eds Eduardo, \u201cDudu Carrapato\u201d, PSDB.","indexacao":"","observacao":"","resultado":"","texto_original":"http://sapl.pocone.mt.leg.br/media/sapl/public/materialegislativa/2023/2395/requerimentono_009-2023..pdf","data_ultima_atualizacao":"2023-06-26T09:05:43.062655-03:00","ip":"201.71.140.251","ultima_edicao":"2023-06-26T09:02:55.352136-03:00","tipo":5,"regime_tramitacao":1,"tipo_origem_externa":null,"local_origem_externa":null,"user":9,"anexadas":[],"autores":[18]}