{"id":2393,"__str__":"INDICA\u00c7\u00d5ES n\u00ba 258 de 2023","link_detail_backend":"/materia/2393","metadata":{},"numero":258,"ano":2023,"numero_protocolo":null,"data_apresentacao":"2023-06-20","tipo_apresentacao":"E","data_publicacao":null,"numero_origem_externa":"","ano_origem_externa":null,"data_origem_externa":null,"apelido":"","dias_prazo":null,"data_fim_prazo":null,"em_tramitacao":false,"polemica":false,"objeto":"","complementar":false,"ementa":"Exm\u00ba. Sr. Presidente da C\u00e2mara Municipal de Pocon\u00e9-MT.\r\n\r\nO Vereador que a este subscreve, nos termos do Regimento Interno da Casa, ouvindo o Plen\u00e1rio, INDICA as Suas Excel\u00eancias Ata\u00edl Marques do Amaral, Prefeito Municipal, Ney Rondon Marques, Secret\u00e1rio Municipal de Infraestrutura, no sentido de buscar entendimentos e tomadas de provid\u00eancias para efetuar manuten\u00e7\u00e3o de Bocas de Lobo/Bueiros, com substitui\u00e7\u00e3o e ou recupera\u00e7\u00e3o de tampas de concreto/ferro, existentes em vias p\u00fablicas da cidade de Pocon\u00e9-MT.  \r\n\r\nA raz\u00e3o desta iniciativa deve-se ao fato de que em algumas bocas a tampa est\u00e1 danificada, em outra, sem a devida prote\u00e7\u00e3o, o que oferece risco enorme de ocorrer acidentes com pedestres, ve\u00edculos, principalmente no per\u00edodo noturno nas vias em que n\u00e3o conta com uma boa ilumina\u00e7\u00e3o p\u00fablica. \r\n\r\n\r\n\r\nSala das Sess\u00f5es \u201cJosefa Gon\u00e7alves\u201d,em 20 de junho de2023.\r\n\r\n\r\n\r\n                   Ver. M\u00e1rcio Fernandes, \u201cMarcinho\u201d,MDB.","indexacao":"","observacao":"","resultado":"","texto_original":"http://sapl.pocone.mt.leg.br/media/sapl/public/materialegislativa/2023/2393/indicacao_no_059-2023.pdf","data_ultima_atualizacao":"2023-06-26T08:53:52.402200-03:00","ip":"201.71.140.251","ultima_edicao":"2023-06-26T08:53:23.900821-03:00","tipo":7,"regime_tramitacao":1,"tipo_origem_externa":null,"local_origem_externa":null,"user":9,"anexadas":[],"autores":[21]}