{"id":2387,"__str__":"INDICA\u00c7\u00d5ES n\u00ba 252 de 2023","link_detail_backend":"/materia/2387","metadata":{},"numero":252,"ano":2023,"numero_protocolo":null,"data_apresentacao":"2023-06-20","tipo_apresentacao":"","data_publicacao":null,"numero_origem_externa":"","ano_origem_externa":null,"data_origem_externa":null,"apelido":"","dias_prazo":null,"data_fim_prazo":null,"em_tramitacao":false,"polemica":false,"objeto":"","complementar":false,"ementa":"Exm\u00ba. Sr. Presidente da C\u00e2mara Municipal de Pocon\u00e9-MT.\r\n\r\nO Vereador que a esta subscreve, nos termos do Regimento Interno da Casa, INDICA as Suas Excel\u00eancias Deputados Federais Emanuel Pinheiro Neto, \u201cEmanuelzinho\u201d, Juarez Costa, Coronel Assis, Senadores Jayme Campos e Wellignton Fagundes, Deputados Estaduais, Doutor Jo\u00e3o, Thiago Silva e Jana\u00edna Riva, a necessidade de viabilizar entendimentos e buscar recursos na ordem de R$ 350.000,00 junto ao Governo Estadual, Federal e ou atrav\u00e9s de emendas parlamentares destinados para constru\u00e7\u00e3o de quadra poliesportiva com cobertura na escola \u201cEscola  Estadual Prof\u00aa. Maria Helena de Arapujo Bastos\u201d,  situada no bairro Jurumirim, cidade de Pocon\u00e9-MT.\r\n\r\nSala das Sess\u00f5es \u201cJosefa Gon\u00e7alves\u201d,em 19 de junho de2023.\r\n\r\n\r\n                   Ver. M\u00e1rcio Fernandes, \u201cMarcinho\u201d,MDB.","indexacao":"","observacao":"","resultado":"","texto_original":"http://sapl.pocone.mt.leg.br/media/sapl/public/materialegislativa/2023/2387/indicacao_no_053-2023.pdf","data_ultima_atualizacao":"2023-06-26T08:46:44.402150-03:00","ip":"201.71.140.251","ultima_edicao":"2023-06-26T08:45:05.524129-03:00","tipo":7,"regime_tramitacao":1,"tipo_origem_externa":null,"local_origem_externa":null,"user":9,"anexadas":[],"autores":[21]}