{"id":2384,"__str__":"INDICA\u00c7\u00d5ES n\u00ba 249 de 2023","link_detail_backend":"/materia/2384","metadata":{},"numero":249,"ano":2023,"numero_protocolo":null,"data_apresentacao":"2023-06-20","tipo_apresentacao":"E","data_publicacao":null,"numero_origem_externa":"","ano_origem_externa":null,"data_origem_externa":null,"apelido":"","dias_prazo":null,"data_fim_prazo":null,"em_tramitacao":false,"polemica":false,"objeto":"","complementar":false,"ementa":"Exm\u00ba. Sr\u00ba. Presidente da C\u00e2mara Municipal de Pocon\u00e9 - MT.\r\n\r\n                     O Vereador que a este subscreve, nos termos do Regimento Interno da Casa, ouvindo o Plen\u00e1rio, INDICA as Suas Excel\u00eancias Senhores Ata\u00edl Marques do Amaral, Prefeito Municipal de Pocon\u00e9, Jos\u00e9 Joadir do Amaral J\u00fanior, Secret\u00e1rio Municipal de Desenvolvimento Urbano e Econ\u00f4mico, a necessidade de buscar entendimentos e tomadas de providencias a fim de notificar empresas respons\u00e1veis por cabeamento/instala\u00e7\u00e3o de fia\u00e7\u00e3o de rede de telefonia/internet para que fa\u00e7a reparos na fia\u00e7\u00e3o da Rua Espiridi\u00e3o Costa Marques, bairro Are\u00e3o, cidade de Pocon\u00e9 \u2013 MT.\r\n\r\nSala das Sess\u00f5es \u201cJosefa Gon\u00e7alves\u201d, em 19 de junho de 2023.\r\n\r\n\r\nVereador Sergio Maracan\u00e3, PSB.","indexacao":"","observacao":"","resultado":"","texto_original":"http://sapl.pocone.mt.leg.br/media/sapl/public/materialegislativa/2023/2384/indicacao_no_038-2023..pdf","data_ultima_atualizacao":"2023-06-23T12:54:37.649042-03:00","ip":"201.71.140.251","ultima_edicao":"2023-06-23T12:53:44.984900-03:00","tipo":7,"regime_tramitacao":1,"tipo_origem_externa":null,"local_origem_externa":null,"user":9,"anexadas":[],"autores":[24]}