{"id":2383,"__str__":"INDICA\u00c7\u00d5ES n\u00ba 248 de 2023","link_detail_backend":"/materia/2383","metadata":{},"numero":248,"ano":2023,"numero_protocolo":null,"data_apresentacao":"2023-06-20","tipo_apresentacao":"E","data_publicacao":null,"numero_origem_externa":"","ano_origem_externa":null,"data_origem_externa":null,"apelido":"","dias_prazo":null,"data_fim_prazo":null,"em_tramitacao":false,"polemica":false,"objeto":"","complementar":false,"ementa":"Exm\u00ba. Sr\u00ba. Presidente da C\u00e2mara Municipal de Pocon\u00e9 - MT.\r\n\r\n                      O Vereador que a este subscreve, nos termos do Regimento Interno da Casa, ouvindo o Plen\u00e1rio, INDICA as Suas Excel\u00eancias Ata\u00edl Marques do Amaral, Prefeito Municipal, Ney Rondon Marques, Secret\u00e1rio Municipal de Infraestrutura, no sentido de buscar entendimentos e tomadas de provid\u00eancias para efetuar servi\u00e7os de patrolamento e coloca\u00e7\u00e3o de cascalhos nos pontos cr\u00edticos da via p\u00fablica que faz a liga\u00e7\u00e3o das antigas rodovias Pocon\u00e9/Cuiab\u00e1, Pocon\u00e9/C\u00e1ceres, regi\u00e3o do Coroado.\r\n\r\nSala das Sess\u00f5es \u201cJosefa Gon\u00e7alves\u201d, em 19 de junho de 2023.\r\n\r\n\r\n\r\nVereador Sergio Maracan\u00e3, PSB.","indexacao":"","observacao":"","resultado":"","texto_original":"http://sapl.pocone.mt.leg.br/media/sapl/public/materialegislativa/2023/2383/indicacao_no_037-2023..pdf","data_ultima_atualizacao":"2023-06-23T12:53:32.850465-03:00","ip":"201.71.140.251","ultima_edicao":"2023-06-23T12:52:55.390827-03:00","tipo":7,"regime_tramitacao":1,"tipo_origem_externa":null,"local_origem_externa":null,"user":9,"anexadas":[],"autores":[24]}