{"id":2382,"__str__":"INDICA\u00c7\u00d5ES n\u00ba 247 de 2023","link_detail_backend":"/materia/2382","metadata":{},"numero":247,"ano":2023,"numero_protocolo":null,"data_apresentacao":"2023-06-20","tipo_apresentacao":"E","data_publicacao":null,"numero_origem_externa":"","ano_origem_externa":null,"data_origem_externa":null,"apelido":"","dias_prazo":null,"data_fim_prazo":null,"em_tramitacao":false,"polemica":false,"objeto":"","complementar":false,"ementa":"Exm\u00ba. Sr\u00ba. Presidente da C\u00e2mara Municipal de Pocon\u00e9 - MT.\r\n\r\nO Vereador que a este subscreve, nos termos do Regimento Interno da Casa, ouvindo o Plen\u00e1rio, INDICA ao Senhor Jos\u00e9 Joadir do Amaral J\u00fanior, Secret\u00e1rio Municipal de Desenvolvimento Urbano e Econ\u00f4mico, Senhora Carla Rondon, Diretora Municipal de Tr\u00e2nsito, no sentido de buscar entendimentos e tomadas de provid\u00eancias para instalar placas verticais de sinaliza\u00e7\u00f5es nas proximidades da Escola Municipal Prof\u00aa. Eloisa Aidamus Freire, bairro S\u00e3o Judas, cidade de Pocon\u00e9 \u2013 MT.\r\n \r\n                    \r\n                      Sala das Sess\u00f5es \u201cJosefa Gon\u00e7alves\u201d, em 19 de junho de 2023.\r\n\r\nVereador Sergio Maracan\u00e3, PSB.","indexacao":"","observacao":"","resultado":"","texto_original":"http://sapl.pocone.mt.leg.br/media/sapl/public/materialegislativa/2023/2382/indicacao_no_036-2023..pdf","data_ultima_atualizacao":"2023-06-23T12:52:41.063071-03:00","ip":"201.71.140.251","ultima_edicao":"2023-06-23T12:51:05.522267-03:00","tipo":7,"regime_tramitacao":1,"tipo_origem_externa":null,"local_origem_externa":null,"user":9,"anexadas":[],"autores":[24]}