{"id":2381,"__str__":"INDICA\u00c7\u00d5ES n\u00ba 246 de 2023","link_detail_backend":"/materia/2381","metadata":{},"numero":246,"ano":2023,"numero_protocolo":null,"data_apresentacao":"2023-06-20","tipo_apresentacao":"E","data_publicacao":null,"numero_origem_externa":"","ano_origem_externa":null,"data_origem_externa":null,"apelido":"","dias_prazo":null,"data_fim_prazo":null,"em_tramitacao":false,"polemica":false,"objeto":"","complementar":false,"ementa":"Exm\u00ba Sr. Presidente da C\u00e2mara Municipal de Pocon\u00e9 \u2013 MT.\r\n\r\n                           As Vereadoras que a esta subscreve, nos termos do Regimento Interno da Casa, INDICAM aos Senhores Renaldo Loffi, Diretor Presidente da Empresa Mato Grossense de Pesquisa, Assist\u00eancia e Extens\u00e3o Rural, (Empaer), Daniel Dalri, Supervisor Regional da Empaer Pocon\u00e9, dado ci\u00eancia ao Secret\u00e1rio de Desenvolvimento Agropecu\u00e1rio de Pocon\u00e9, Amarildo Schimiesleki.\r\n\r\nPara ampliar o atendimento da Unidade de Refer\u00eancia Tecnol\u00f3gica (URT), em Pocon\u00e9, com objetivo de recuperar pastagem degradada, por meio do Sistema de Integra\u00e7\u00e3o Lavoura e Pecu\u00e1ria (ILP). \r\n\r\nAs Unidades de Refer\u00eancia Tecnol\u00f3gica foram implantadas em \u00e1reas de agricultores familiares em 8m munic\u00edpios entre eles Pocon\u00e9.\r\n\r\nSala das Sess\u00f5es \u201cJosefa Gon\u00e7alves\u201d, em 20 de junho de 2023.\r\n\r\nVereadora Ageane Barros, UB.                                         Vereadora Jocilma Amaral, UB.","indexacao":"","observacao":"","resultado":"","texto_original":"http://sapl.pocone.mt.leg.br/media/sapl/public/materialegislativa/2023/2381/indicacao_no_010-2023.pdf","data_ultima_atualizacao":"2023-06-23T12:50:01.582576-03:00","ip":"201.71.140.251","ultima_edicao":"2023-06-23T12:48:48.455926-03:00","tipo":7,"regime_tramitacao":1,"tipo_origem_externa":null,"local_origem_externa":null,"user":9,"anexadas":[],"autores":[16]}