{"id":2379,"__str__":"INDICA\u00c7\u00d5ES n\u00ba 244 de 2023","link_detail_backend":"/materia/2379","metadata":{},"numero":244,"ano":2023,"numero_protocolo":null,"data_apresentacao":"2023-06-20","tipo_apresentacao":"E","data_publicacao":null,"numero_origem_externa":"","ano_origem_externa":null,"data_origem_externa":null,"apelido":"","dias_prazo":null,"data_fim_prazo":null,"em_tramitacao":false,"polemica":false,"objeto":"","complementar":false,"ementa":"Exm\u00ba. Sr\u00ba. Presidente da C\u00e2mara Municipal de Pocon\u00e9-MT.\r\n\r\n  A Vereadora que a esta subscreve, nos termos do Regimento Interno da Casa, INDICA a Sua Excel\u00eancia Tet\u00e9 Bezerra, Secret\u00e1ria de Estado de Agricultura Familiar \u2013 SEAF/MT,  Senhores Renaldo Loffi, Diretor Presidente da Empresa Mato-grossense de Pesquisa, Assist\u00eancia e Extens\u00e3o Rural, (Empaer), Daniel Dalri, Supervisor Regional da Empaer Pocon\u00e9, dado ci\u00eancia ao Secret\u00e1rio de Desenvolvimento Agropecu\u00e1rio de Pocon\u00e9, Amarildo Schmieleski.\r\n\r\nPara realizar em Pocon\u00e9 o mutir\u00e3o de cadastramento para auxiliar produtores a comercializar junto a programas sociais.\r\n\r\nSala das Sess\u00f5es \u201cJosefa Gon\u00e7alves\u201d, em 20 de junho de 2023.\r\n\t\r\n                         Vereadora Jossielma Silva, PTB.","indexacao":"","observacao":"","resultado":"","texto_original":"http://sapl.pocone.mt.leg.br/media/sapl/public/materialegislativa/2023/2379/indicacao_no_016-2023.pdf","data_ultima_atualizacao":"2023-06-23T12:44:46.524356-03:00","ip":"201.71.140.251","ultima_edicao":"2023-06-23T12:43:48.322503-03:00","tipo":7,"regime_tramitacao":1,"tipo_origem_externa":null,"local_origem_externa":null,"user":9,"anexadas":[],"autores":[27]}