{"id":2377,"__str__":"INDICA\u00c7\u00d5ES n\u00ba 242 de 2023","link_detail_backend":"/materia/2377","metadata":{},"numero":242,"ano":2023,"numero_protocolo":null,"data_apresentacao":"2023-06-20","tipo_apresentacao":"E","data_publicacao":null,"numero_origem_externa":"","ano_origem_externa":null,"data_origem_externa":null,"apelido":"","dias_prazo":null,"data_fim_prazo":null,"em_tramitacao":false,"polemica":false,"objeto":"","complementar":false,"ementa":"Exm\u00ba. Sr. Presidente da C\u00e2mara Municipal de Pocon\u00e9-MT.\r\n\r\n                       O Vereador que a esta subscreve, nos termos do Regimento Interno da Casa, ouvido o Plen\u00e1rio, INDICA a Sua Excel\u00eancia Ata\u00edl Marques do Amaral, Prefeito Municipal, para que determine as Secretarias Municipais: Desenvolvimento Urbano e Econ\u00f4mico; Turismo; Desenvolvimento Agropecu\u00e1rio; Cultura; Assist\u00eancia Social, Emprego e Renda.\r\n\r\nPara que participe com caravana de comunidades rurais (fins), artes\u00e3os, produtores, trade tur\u00edstico, empreendedores e agricultura familiar da capacita\u00e7\u00e3o no F\u00f3rum das Cadeias Produtivas da Agricultura Familiar na 55\u00aa Expoagro, promovido pela Empaer e Seaf que ir\u00e1 ocorrer entre as 8 horas da manh\u00e3, at\u00e9 as 6 da tarde do dia 13 de julho.\r\n\r\nSala das Sess\u00f5es \u201cJosefa Gon\u00e7alves\u201d, em 20 de junho de 2023.\r\n\r\n Vereador F\u00e1bio de Oliveira, UB.","indexacao":"","observacao":"","resultado":"","texto_original":"http://sapl.pocone.mt.leg.br/media/sapl/public/materialegislativa/2023/2377/indicacao_no_037-2023..pdf","data_ultima_atualizacao":"2023-06-23T12:40:58.263909-03:00","ip":"201.71.140.251","ultima_edicao":"2023-06-23T12:39:43.941870-03:00","tipo":7,"regime_tramitacao":1,"tipo_origem_externa":null,"local_origem_externa":null,"user":9,"anexadas":[],"autores":[22]}