{"id":2370,"__str__":"INDICA\u00c7\u00d5ES n\u00ba 235 de 2023","link_detail_backend":"/materia/2370","metadata":{},"numero":235,"ano":2023,"numero_protocolo":null,"data_apresentacao":"2023-06-13","tipo_apresentacao":"E","data_publicacao":null,"numero_origem_externa":"","ano_origem_externa":null,"data_origem_externa":null,"apelido":"","dias_prazo":null,"data_fim_prazo":null,"em_tramitacao":false,"polemica":false,"objeto":"","complementar":false,"ementa":"Exm\u00ba. Sr. Presidente da C\u00e2mara Municipal de Pocon\u00e9-MT.\r\n\r\n\r\n                       O Vereador que a esta subscreve, nos termos do Regimento Interno da Casa, ouvido o Plen\u00e1rio, Indica as Suas Excel\u00eancias Ata\u00edl Marques do Amaral, Prefeito Municipal, Ney Rondon Marques, Secret\u00e1rio Municipal de Infraestrutura, no sentido de tomar provid\u00eancias visando melhoramento no Terminal Rodovi\u00e1rio da cidade de Pocon\u00e9 \u2013 MT, no que se refere acessibilidade para cadeirantes; trocas ou reformas das portas dos banheiros; manuten\u00e7\u00e3o nas vigas met\u00e1licas, (na sua maioria enferrujada), e outros servi\u00e7os necess\u00e1rios para oferecer aos usu\u00e1rios um espa\u00e7o adequado e mais confort\u00e1vel.\r\n \r\n\r\n\r\n       Sala das Sess\u00f5es \u201cJosefa Gon\u00e7alves\u201d, em 13 de junho de 2023.\r\n\r\n\r\n\r\n                      Vereador S\u00e9rgio Assun\u00e7\u00e3o, MDB.","indexacao":"","observacao":"","resultado":"","texto_original":"http://sapl.pocone.mt.leg.br/media/sapl/public/materialegislativa/2023/2370/indicacao_no_003-2023..pdf","data_ultima_atualizacao":"2023-06-16T09:46:44.598654-03:00","ip":"201.71.140.251","ultima_edicao":"2023-06-16T09:46:01.321007-03:00","tipo":7,"regime_tramitacao":1,"tipo_origem_externa":null,"local_origem_externa":null,"user":9,"anexadas":[],"autores":[25]}