{"id":2366,"__str__":"MO\u00c7\u00d5ES n\u00ba 25 de 2023","link_detail_backend":"/materia/2366","metadata":{},"numero":25,"ano":2023,"numero_protocolo":null,"data_apresentacao":"2023-06-13","tipo_apresentacao":"E","data_publicacao":null,"numero_origem_externa":"","ano_origem_externa":null,"data_origem_externa":null,"apelido":"","dias_prazo":null,"data_fim_prazo":null,"em_tramitacao":false,"polemica":false,"objeto":"","complementar":false,"ementa":"Exm. Sr. Presidente da C\u00e2mara Municipal de Pocon\u00e9-MT.\r\n\r\nA C\u00e2mara Municipal de Pocon\u00e9, Estado de Mato Grosso, atrav\u00e9s dos Vereadores que a comp\u00f5em legitimo representante do povo poconeano, apresenta Mo\u00e7\u00e3o de Congratula\u00e7\u00e3o ao Deputado Estadual Gilberto Figueiredo, (ex-secret\u00e1rio estadual de sa\u00fade), agradece investimentos na sa\u00fade p\u00fablica de Pocon\u00e9.\r\n\r\nPelos recursos destinados ao Hospital Geral de Pocon\u00e9 \u2013 \u201cDr. Nicolau Fontanilas Frageli\u201d, e Entrega da sua 1\u00aa Etapa da Reforma Estrutural.\r\n\r\n\r\nQue seja dado conhecimento desta ao homenageado.\r\n\r\n\r\nSala das Sess\u00f5es \u201cJosefa Gon\u00e7alves\u201d, em 12 de junho de 2023.\r\n\r\n\r\nVereadora Jossielma Silva, PTB.","indexacao":"","observacao":"","resultado":"","texto_original":"http://sapl.pocone.mt.leg.br/media/sapl/public/materialegislativa/2023/2366/mocao_de_congratulacao_no_001-2023._vereadora_jossielma.pdf","data_ultima_atualizacao":"2023-06-16T09:37:17.353467-03:00","ip":"201.71.140.251","ultima_edicao":"2023-06-16T09:36:36.274774-03:00","tipo":6,"regime_tramitacao":1,"tipo_origem_externa":null,"local_origem_externa":null,"user":9,"anexadas":[],"autores":[27]}