{"id":2363,"__str__":"MO\u00c7\u00d5ES n\u00ba 22 de 2023","link_detail_backend":"/materia/2363","metadata":{},"numero":22,"ano":2023,"numero_protocolo":null,"data_apresentacao":"2023-06-13","tipo_apresentacao":"E","data_publicacao":null,"numero_origem_externa":"","ano_origem_externa":null,"data_origem_externa":null,"apelido":"","dias_prazo":null,"data_fim_prazo":null,"em_tramitacao":false,"polemica":false,"objeto":"","complementar":false,"ementa":"Exm\u00ba Sr\u00ba. Presidente da C\u00e2mara Municipal de Pocon\u00e9 - MT.\r\n\r\nA C\u00e2mara Municipal de Pocon\u00e9, Estado de Mato Grosso, atrav\u00e9s dos Vereadores que a comp\u00f5em leg\u00edtimo representante do povo poconeano apresenta Mo\u00e7\u00e3o de Aplausos dirigidos aos Senhores Victor Gimenez e Douglas Gimenez, empres\u00e1rios, pelos grandes investimentos na constru\u00e7\u00e3o comercial com instala\u00e7\u00f5es modernas e bem estruturadas e outras atividades que est\u00e3o realizando na cidade de Pocon\u00e9 \u2013 MT. \r\n\r\nDesnecess\u00e1rio dizer sobre a import\u00e2ncia de suas atividades, que geram impostos, emprego e renda, contribuindo sobre maneira para o crescimento do munic\u00edpio.\r\n\r\nQue seja dado conhecimento deste aos homenageados.\r\n\r\n                      Sala das Sess\u00f5es \u201cJosefa Gon\u00e7alves\u201d, em 02 de junho de 2023.\r\n\r\n\r\nVereadora Jocilma Amaral, UB.                                          Vereadora Ageane Barros, UB.","indexacao":"","observacao":"","resultado":"","texto_original":"http://sapl.pocone.mt.leg.br/media/sapl/public/materialegislativa/2023/2363/mocao_de_aplauso_no_001-2023.pdf","data_ultima_atualizacao":"2023-06-16T09:28:09.919684-03:00","ip":"201.71.140.251","ultima_edicao":"2023-06-16T09:26:28.382065-03:00","tipo":6,"regime_tramitacao":1,"tipo_origem_externa":null,"local_origem_externa":null,"user":9,"anexadas":[],"autores":[26]}