{"id":2362,"__str__":"MO\u00c7\u00c3O DE PESAR n\u00ba 15 de 2023","link_detail_backend":"/materia/2362","metadata":{},"numero":15,"ano":2023,"numero_protocolo":null,"data_apresentacao":"2023-06-13","tipo_apresentacao":"E","data_publicacao":null,"numero_origem_externa":"","ano_origem_externa":null,"data_origem_externa":null,"apelido":"","dias_prazo":null,"data_fim_prazo":null,"em_tramitacao":false,"polemica":false,"objeto":"","complementar":false,"ementa":"Exm\u00ba. Sr. Presidente da C\u00e2mara Municipal de Pocon\u00e9-MT.\r\n\r\n\r\nA C\u00e2mara Municipal de Pocon\u00e9, Estado de Mato Grosso, atrav\u00e9s dos Vereadores que a comp\u00f5em leg\u00edtimo representante do povo poconeano apresenta condol\u00eancias aos familiares da Senhora Claudia M\u00e1rcia de Arruda e Silva, pelo o seu falecimento ocorrido no dia 20 de maio de 2023, cidade de Pocon\u00e9-MT. \r\n\r\n\u201cNeste momento dif\u00edcil pela qual passa os seus familiares a C\u00e2mara Municipal de Pocon\u00e9, se solidariza com a fam\u00edlia enlutada, rogando a Deus que envie o esp\u00edrito consolador para que os ampare e conforte\u201d.\r\n\r\nSala das Sess\u00f5es \u201cJosefa Gon\u00e7alves\u201d, em 22 de maio de 2023.\r\n\r\n                       Vereadora Neya de Prof. Francionei, PSB.","indexacao":"","observacao":"","resultado":"","texto_original":"http://sapl.pocone.mt.leg.br/media/sapl/public/materialegislativa/2023/2362/mocao_de_pesar_no_001-2023.pdf","data_ultima_atualizacao":"2023-06-16T08:59:34.985224-03:00","ip":"201.71.140.251","ultima_edicao":"2023-06-16T08:58:30.165443-03:00","tipo":8,"regime_tramitacao":1,"tipo_origem_externa":null,"local_origem_externa":null,"user":9,"anexadas":[],"autores":[40]}