{"id":2361,"__str__":"REQUERIMENTOS COMUNS n\u00ba 27 de 2023","link_detail_backend":"/materia/2361","metadata":{},"numero":27,"ano":2023,"numero_protocolo":null,"data_apresentacao":"2023-06-13","tipo_apresentacao":"E","data_publicacao":null,"numero_origem_externa":"","ano_origem_externa":null,"data_origem_externa":null,"apelido":"","dias_prazo":null,"data_fim_prazo":null,"em_tramitacao":false,"polemica":false,"objeto":"","complementar":false,"ementa":"Exm\u00ba. Sr. Presidente da C\u00e2mara Municipal de Pocon\u00e9 - MT.\r\n\r\nO Vereador que a este subscreve, nos termos do Regimento Interno da Casa, ouvido o Plen\u00e1rio, REQUER a Mesa Diretora seja oficializada a Sua Excel\u00eancia Ata\u00edl Marques do Amaral, Prefeito Municipal, para que determine ao setor competente da Prefeitura Municipal de Pocon\u00e9, prestar esclarecimentos a C\u00e2mara Municipal quanto ao sistema de funcionamento do po\u00e7o artesiano constru\u00eddo na comunidade rural Lava P\u00e9, no que se refere de quem \u00e9 a responsabilidade para instalar caixa de \u00e1gua e sistema de energia el\u00e9trica para o funcionamento do po\u00e7o artesiano constru\u00eddo no ano passado na Comunidade. \r\n\r\nSala das Sess\u00f5es \u201cJosefa Gon\u00e7alves\u201d, em 13 de junho de 2023.\r\n\r\n\r\n                    Vereador F\u00e1bio de Oliveira, UB.","indexacao":"","observacao":"","resultado":"","texto_original":"http://sapl.pocone.mt.leg.br/media/sapl/public/materialegislativa/2023/2361/requerimento_no_006-2023._vereador_fabio_de_oliveira.pdf","data_ultima_atualizacao":"2023-06-16T08:57:49.879749-03:00","ip":"201.71.140.251","ultima_edicao":"2023-06-16T08:56:38.314827-03:00","tipo":5,"regime_tramitacao":1,"tipo_origem_externa":null,"local_origem_externa":null,"user":9,"anexadas":[],"autores":[22]}