{"id":2360,"__str__":"REQUERIMENTOS COMUNS n\u00ba 26 de 2023","link_detail_backend":"/materia/2360","metadata":{},"numero":26,"ano":2023,"numero_protocolo":null,"data_apresentacao":"2023-06-13","tipo_apresentacao":"E","data_publicacao":null,"numero_origem_externa":"","ano_origem_externa":null,"data_origem_externa":null,"apelido":"","dias_prazo":null,"data_fim_prazo":null,"em_tramitacao":false,"polemica":false,"objeto":"","complementar":false,"ementa":"Exm\u00ba. Sr\u00ba. Presidente da C\u00e2mara Municipal de Pocon\u00e9-MT.\r\n\r\nO Vereador que a este subscreve, ouvido o Plen\u00e1rio, nos termos do Regimento Interno da Casa, REQUER a Mesa Diretora seja oficializada a Superintend\u00eancia Regional do Seguro Social \u2013 INSS Cuiab\u00e1, no sentido de informar a C\u00e2mara Municipal o motivo do n\u00e3o atendimento presencial na agencia do munic\u00edpio de Pocon\u00e9.\r\n\r\nJustificamos o pedido tendo em vista que Pocon\u00e9 possui uma popula\u00e7\u00e3o consider\u00e1vel residentes nas comunidades rurais, na sua maioria economicamente s\u00e3o menos favorecidos e esta popula\u00e7\u00e3o desloca de localidades long\u00ednquas da cidade de Pocon\u00e9, em busca de atendimentos na agencia n\u00e3o s\u00e3o atendidas, encontram a agencia fechada, tendo os usu\u00e1rios que se deslocar a outra cidade em busca de atendimento.\r\n\r\n\tSala das Sess\u00f5es \u201cJosefa Gon\u00e7alves\u201d, em 13 de junho de 2023.\r\n\t\r\n\r\n                      Vereador M\u00e1rcio Fernandes, MDB.","indexacao":"","observacao":"","resultado":"","texto_original":"http://sapl.pocone.mt.leg.br/media/sapl/public/materialegislativa/2023/2360/requerimento_no_004-_2023.pdf","data_ultima_atualizacao":"2023-06-16T08:55:53.748594-03:00","ip":"201.71.140.251","ultima_edicao":"2023-06-16T08:51:29.228560-03:00","tipo":5,"regime_tramitacao":1,"tipo_origem_externa":null,"local_origem_externa":null,"user":9,"anexadas":[],"autores":[21]}