{"id":2358,"__str__":"INDICA\u00c7\u00d5ES n\u00ba 231 de 2023","link_detail_backend":"/materia/2358","metadata":{},"numero":231,"ano":2023,"numero_protocolo":null,"data_apresentacao":"2023-06-06","tipo_apresentacao":"E","data_publicacao":null,"numero_origem_externa":"","ano_origem_externa":null,"data_origem_externa":null,"apelido":"","dias_prazo":null,"data_fim_prazo":null,"em_tramitacao":false,"polemica":false,"objeto":"","complementar":false,"ementa":"Exm\u00ba. Sr. Presidente da C\u00e2mara Municipal de Pocon\u00e9-MT.\r\n\r\n\r\n A Vereadora que a esta subscreve, nos termos do Regimento Interno da Casa, INDICA a Sua Excel\u00eancia Deputada Estadual Jana\u00edna Riva, no sentido de buscar entendimentos e tomadas de provid\u00eancias junto ao Governo Estadual e/ou via emenda parlamentar, com a finalidade de atender o munic\u00edpio de Pocon\u00e9 com disponibiliza\u00e7\u00e3o de um \u00f4nibus para Associa\u00e7\u00e3o dos Mascarados, visando atender os componentes no deslocamento do munic\u00edpio para outras localidades.\r\n\r\n \r\nSala das Sess\u00f5es \u201cJosefa Gon\u00e7alves\u201d, 06 de junho de 2023. \r\n\r\n\r\n\r\n\r\nVereadora Neya de Prof. Francionei, PSB.","indexacao":"","observacao":"","resultado":"","texto_original":"http://sapl.pocone.mt.leg.br/media/sapl/public/materialegislativa/2023/2358/indicacao_no_015-2023.pdf","data_ultima_atualizacao":"2023-06-13T10:42:24.163353-03:00","ip":"201.71.140.251","ultima_edicao":"2023-06-13T10:41:56.526268-03:00","tipo":7,"regime_tramitacao":1,"tipo_origem_externa":null,"local_origem_externa":null,"user":9,"anexadas":[],"autores":[40]}