{"id":2354,"__str__":"INDICA\u00c7\u00d5ES n\u00ba 227 de 2023","link_detail_backend":"/materia/2354","metadata":{},"numero":227,"ano":2023,"numero_protocolo":null,"data_apresentacao":"2023-06-06","tipo_apresentacao":"E","data_publicacao":null,"numero_origem_externa":"","ano_origem_externa":null,"data_origem_externa":null,"apelido":"","dias_prazo":null,"data_fim_prazo":null,"em_tramitacao":false,"polemica":false,"objeto":"","complementar":false,"ementa":"Exm\u00ba. Sr. Presidente da C\u00e2mara Municipal de Pocon\u00e9-MT.\r\n\r\n\r\n  A Vereadora que a esta subscreve, nos termos do Regimento Interno da Casa, INDICA as Suas Excel\u00eancias Ata\u00edl Marques do Amaral, Prefeito Municipal, Ney Rondon Marques, Secret\u00e1rio Municipal de Infraestrutura, buscar entendimentos para efetuar servi\u00e7os de tapa buracos na Rua Nossa Senhora Aparecida, localizada na proximidade do Parque Tem\u00e1tico e sedes das Secretarias Municipais de Meio Ambiente e Turismo. \r\n\r\n\r\n\r\n  A raz\u00e3o desta solicita\u00e7\u00e3o deve-se a solicita\u00e7\u00e3o recebida de moradores e da necessidade da realiza\u00e7\u00e3o destes servi\u00e7os para melhorar a trafegabilidade e conservar a pavimenta\u00e7\u00e3o asfaltica, vez que a mesma encontra tomadas por buracos, pelo o que esperamos contar com acolhida do Poder Executivo a esta justa reivindica\u00e7\u00e3o. \r\n\r\n\r\n\r\nSala das Sess\u00f5es \u201cJosefa Gon\u00e7alves\u201d, 22 de maio de 2023. \r\n\r\n\r\n\r\n\r\nVereadora Neya de Prof. Francionei, PSB.","indexacao":"","observacao":"","resultado":"","texto_original":"http://sapl.pocone.mt.leg.br/media/sapl/public/materialegislativa/2023/2354/indicacao_no_011-2023.pdf","data_ultima_atualizacao":"2023-06-13T10:39:12.715067-03:00","ip":"201.71.140.251","ultima_edicao":"2023-06-13T10:38:36.174758-03:00","tipo":7,"regime_tramitacao":1,"tipo_origem_externa":null,"local_origem_externa":null,"user":9,"anexadas":[],"autores":[40]}