{"id":2350,"__str__":"INDICA\u00c7\u00d5ES n\u00ba 223 de 2023","link_detail_backend":"/materia/2350","metadata":{},"numero":223,"ano":2023,"numero_protocolo":null,"data_apresentacao":"2023-06-06","tipo_apresentacao":"E","data_publicacao":null,"numero_origem_externa":"","ano_origem_externa":null,"data_origem_externa":null,"apelido":"","dias_prazo":null,"data_fim_prazo":null,"em_tramitacao":false,"polemica":false,"objeto":"","complementar":false,"ementa":"Exm\u00ba. Sr. Presidente da C\u00e2mara Municipal de Pocon\u00e9-MT.\r\n\r\n\r\n                        A Vereadora que a esta subscreve, nos termos do Regimento Interno da Casa, INDICA as Suas Excel\u00eancias Senador Jayme Campos, no sentido de viabilizar recursos financeiros junto ao Governo Federal ou via emenda parlamentar, na ordem de R$ 400.000,00 para compra de livros did\u00e1ticos, brinquedos e materiais permanentes, para atender necessidades do Centro de Educa\u00e7\u00e3o Infantil Frei Joaquim T\u00e9bar Fernandes, localizado no bairro Aeroporto, cidade de Pocon\u00e9 \u2013 MT que atende uma clientela escolar residentes nos bairros Cidade Rosa/Cohab Nova, Jardim das Palmeiras, Vila Aurora, Recanto dos P\u00e1ssaros, Andr\u00e9 Maggi e outros.\r\n \r\n \r\n\r\nSala das Sess\u00f5es \u201cJosefa Gon\u00e7alves\u201d, 22 de maio de 2023. \r\n\r\n\r\n\r\n\r\nVereadora Neya de Prof. Francionei, PSB.","indexacao":"","observacao":"","resultado":"","texto_original":"http://sapl.pocone.mt.leg.br/media/sapl/public/materialegislativa/2023/2350/indicacao_no_007-2023.pdf","data_ultima_atualizacao":"2023-06-13T10:32:07.714992-03:00","ip":"201.71.140.251","ultima_edicao":"2023-06-13T10:31:29.527308-03:00","tipo":7,"regime_tramitacao":1,"tipo_origem_externa":null,"local_origem_externa":null,"user":9,"anexadas":[],"autores":[40]}