{"id":2349,"__str__":"INDICA\u00c7\u00d5ES n\u00ba 222 de 2023","link_detail_backend":"/materia/2349","metadata":{},"numero":222,"ano":2023,"numero_protocolo":null,"data_apresentacao":"2023-06-06","tipo_apresentacao":"E","data_publicacao":null,"numero_origem_externa":"","ano_origem_externa":null,"data_origem_externa":null,"apelido":"","dias_prazo":null,"data_fim_prazo":null,"em_tramitacao":false,"polemica":false,"objeto":"","complementar":false,"ementa":"Exm\u00ba. Sr. Presidente da C\u00e2mara Municipal de Pocon\u00e9-MT.\r\n\r\n\r\n                        A Vereadora que a esta subscreve, nos termos do Regimento Interno da Casa, INDICA a Sua Excel\u00eancia Deputado Federal Emanuel Pinheiro Neto, \u201cEmanuelzinho\u201d, no sentido de viabilizar recursos financeiros junto ao Governo Federal ou via emenda parlamentar, na ordem de R$ 600.000,00 destinados para compra e instala\u00e7\u00e3o de placa solar na estrutura f\u00edsica da Associa\u00e7\u00e3o Benefic\u00eancia Poconeana \u2013 Hospital Geral de Pocon\u00e9, a fim de que os gastos alt\u00edssimos que a sociedade tem com pagamento de consumo de energia el\u00e9trica, sejam aplicados em outras a\u00e7\u00f5es como: aquisi\u00e7\u00e3o de medicamentos, contrata\u00e7\u00e3o de m\u00e9dicos especialistas e outros profissionais.\r\n\r\n \r\n\r\nSala das Sess\u00f5es \u201cJosefa Gon\u00e7alves\u201d, 22 de maio de 2023. \r\n\r\n\r\n\r\nVereadora Neya de Prof. Francionei, PSB.","indexacao":"","observacao":"","resultado":"","texto_original":"http://sapl.pocone.mt.leg.br/media/sapl/public/materialegislativa/2023/2349/indicacao_no_006-2023.pdf","data_ultima_atualizacao":"2023-06-13T10:31:14.878436-03:00","ip":"201.71.140.251","ultima_edicao":"2023-06-13T10:30:25.145879-03:00","tipo":7,"regime_tramitacao":1,"tipo_origem_externa":null,"local_origem_externa":null,"user":9,"anexadas":[],"autores":[40]}