{"id":2345,"__str__":"INDICA\u00c7\u00d5ES n\u00ba 218 de 2023","link_detail_backend":"/materia/2345","metadata":{},"numero":218,"ano":2023,"numero_protocolo":null,"data_apresentacao":"2023-06-06","tipo_apresentacao":"E","data_publicacao":null,"numero_origem_externa":"","ano_origem_externa":null,"data_origem_externa":null,"apelido":"","dias_prazo":null,"data_fim_prazo":null,"em_tramitacao":false,"polemica":false,"objeto":"","complementar":false,"ementa":"Exm\u00ba. Sr. Presidente da C\u00e2mara Municipal de Pocon\u00e9-MT.\r\n\r\nO Vereador que a esta subscreve, nos termos do Regimento Interno da Casa, ouvido o Plen\u00e1rio, INDICA as Suas Excel\u00eancias Ata\u00edl Marques do Amaral, Prefeito Municipal, Mauro Mendes, Governador do Estado, atrav\u00e9s da Secretaria de Estado de Seguran\u00e7a P\u00fablica, no sentido de tomar as provid\u00eancias necess\u00e1rias para instalar na cidade de Pocon\u00e9, Totens de seguran\u00e7a com c\u00e2meras de reconhecimento facial em pontos estrat\u00e9gicos da cidade, em frente \u00e0s escolas e em outros pontos.\r\n\r\nSala das Sess\u00f5es \u201cJosefa Gon\u00e7alves\u201d, em 02 de junho de 2023.\r\n\r\n\r\n\r\n                    Vereador F\u00e1bio de Oliveira, UB.","indexacao":"","observacao":"","resultado":"","texto_original":"http://sapl.pocone.mt.leg.br/media/sapl/public/materialegislativa/2023/2345/indicacao_no_034-2023..pdf","data_ultima_atualizacao":"2023-06-13T09:28:19.749665-03:00","ip":"201.71.140.251","ultima_edicao":"2023-06-13T09:27:13.058164-03:00","tipo":7,"regime_tramitacao":1,"tipo_origem_externa":null,"local_origem_externa":null,"user":9,"anexadas":[],"autores":[22]}