{"id":2341,"__str__":"INDICA\u00c7\u00d5ES n\u00ba 214 de 2023","link_detail_backend":"/materia/2341","metadata":{},"numero":214,"ano":2023,"numero_protocolo":null,"data_apresentacao":"2023-06-06","tipo_apresentacao":"E","data_publicacao":null,"numero_origem_externa":"","ano_origem_externa":null,"data_origem_externa":null,"apelido":"","dias_prazo":null,"data_fim_prazo":null,"em_tramitacao":false,"polemica":false,"objeto":"","complementar":false,"ementa":"Exm\u00ba. Sr. Presidente da C\u00e2mara Municipal de Pocon\u00e9-MT.\r\n\r\n\r\nO Vereador que a esta subscreve, nos termos do Regimento Interno, ouvido o Plen\u00e1rio, INDICA as Suas Excel\u00eancias Ata\u00edl Marques do Amaral, Prefeito Municipal, Ney Rondon Marques, Secret\u00e1rio Municipal de Infraestrutura, no sentido de buscar entendimentos e tomadas de provid\u00eancias, para efetuar manuten\u00e7\u00e3o com servi\u00e7os de patrolamento, coloca\u00e7\u00e3o de cascalho em pontos cr\u00edticos e alinhamentos das estradas internas que fazem parte do Assentamento Agroana Girau, munic\u00edpio de Pocon\u00e9 \u2013 MT.\r\n\r\nJustifica a iniciativa em raz\u00e3o de que as mencionadas Estradas apresentam situa\u00e7\u00f5es que colocam risco \u00e0 trafegabilidade da produ\u00e7\u00e3o da regi\u00e3o, de pessoas, servi\u00e7os de transporte escolar, e outros transtornos, preju\u00edzos financeiros, inseguran\u00e7a a aqueles que delas utilizam, pelo o que esperamos contar com a acolhida do Poder Executivo a esta justa reivindica\u00e7\u00e3o\r\n\r\nSala das Sess\u00f5es \u201cJosefa Gon\u00e7alves\u201d, em 06 de junho de 2023.\r\n\r\nVereador Benedito Aur\u00e9lio, PP","indexacao":"","observacao":"","resultado":"","texto_original":"http://sapl.pocone.mt.leg.br/media/sapl/public/materialegislativa/2023/2341/indicacao_no_029-2023...pdf","data_ultima_atualizacao":"2023-06-12T13:46:44.037133-03:00","ip":"201.71.140.251","ultima_edicao":"2023-06-12T13:45:49.205923-03:00","tipo":7,"regime_tramitacao":1,"tipo_origem_externa":null,"local_origem_externa":null,"user":9,"anexadas":[],"autores":[19]}