{"id":2335,"__str__":"REQUERIMENTOS COMUNS n\u00ba 24 de 2023","link_detail_backend":"/materia/2335","metadata":{},"numero":24,"ano":2023,"numero_protocolo":null,"data_apresentacao":"2023-06-06","tipo_apresentacao":"E","data_publicacao":null,"numero_origem_externa":"","ano_origem_externa":null,"data_origem_externa":null,"apelido":"","dias_prazo":null,"data_fim_prazo":null,"em_tramitacao":false,"polemica":false,"objeto":"","complementar":false,"ementa":"Exm\u00ba. Sr. Presidente da C\u00e2mara Municipal de Pocon\u00e9 - MT.\r\n\r\n  Os Vereadores que a este subscreve, nos termos do Regimento Interno da Casa, ouvido o Plen\u00e1rio, REQUEREM a Mesa Diretora seja oficializada a Senhora Juracy Pereira Leite, Coordenadora do Programa Ser Crian\u00e7a, no sentido de informar a C\u00e2mara Municipal sobre atividades escolares ocorridas fora do ambiente escolar, executado pelo Projeto Ser Crian\u00e7a no dia 18/05/2023. \r\n\r\n                    Sala das Sess\u00f5es \u201cJosefa Gon\u00e7alves\u201d, em 05 de junho de 2023.\r\n\r\n\r\n\r\n\r\n Vereador F\u00e1bio de Oliveira, UB.                     Vereador Benedito Aur\u00e9lio, PP.","indexacao":"","observacao":"","resultado":"","texto_original":"http://sapl.pocone.mt.leg.br/media/sapl/public/materialegislativa/2023/2335/requerimento_no_005-2023...pdf","data_ultima_atualizacao":"2023-06-12T12:56:47.204214-03:00","ip":"201.71.140.251","ultima_edicao":"2023-06-12T12:55:12.754837-03:00","tipo":5,"regime_tramitacao":1,"tipo_origem_externa":null,"local_origem_externa":null,"user":9,"anexadas":[],"autores":[22]}