{"id":2328,"__str__":"INDICA\u00c7\u00d5ES n\u00ba 209 de 2023","link_detail_backend":"/materia/2328","metadata":{},"numero":209,"ano":2023,"numero_protocolo":null,"data_apresentacao":"2023-05-23","tipo_apresentacao":"E","data_publicacao":null,"numero_origem_externa":"","ano_origem_externa":null,"data_origem_externa":null,"apelido":"","dias_prazo":null,"data_fim_prazo":null,"em_tramitacao":false,"polemica":false,"objeto":"","complementar":false,"ementa":"Exm\u00ba. Sr. Presidente da C\u00e2mara Municipal de Pocon\u00e9-MT.\r\n\r\n                       O vereador que a esta subscreve, nos termos do Regimento Interno da Casa, ouvido o Plen\u00e1rio, Indica a Sua Excel\u00eancia Deputada Estadual Jana\u00edna Riva, no sentido de buscar apoio junto ao Governo de Estado/ Secretaria de Estado de Cultura, Esporte e Lazer e ou via emenda parlamentar destinar recursos financeiros para a Prefeitura Municipal de Pocon\u00e9, para a instala\u00e7\u00e3o de academia de gin\u00e1stica ao ar livre e de um parque infantil na \u00e1rea p\u00fablica localizada na proximidade do mini est\u00e1dio \u201cIp\u00f3lito Mendes de Souza\u201d, em face de constru\u00e7\u00e3o no populoso Bairro Jo\u00e3o Godofredo, cidade de Pocon\u00e9 - MT. \r\n\r\nSala das Sess\u00f5es \u201cJosefa Gon\u00e7alves\u201d, 22 de maio de 2023.\r\n\r\n  Vereador Lu\u00eds Eduardo \u201cDudu Carrapato\u201d, PSDB","indexacao":"","observacao":"","resultado":"","texto_original":"http://sapl.pocone.mt.leg.br/media/sapl/public/materialegislativa/2023/2328/indicacao_no_029-2023..pdf","data_ultima_atualizacao":"2023-05-24T12:50:54.870620-03:00","ip":"201.71.140.251","ultima_edicao":"2023-05-24T12:50:16.578827-03:00","tipo":7,"regime_tramitacao":1,"tipo_origem_externa":null,"local_origem_externa":null,"user":9,"anexadas":[],"autores":[18]}