{"id":2321,"__str__":"INDICA\u00c7\u00d5ES n\u00ba 202 de 2023","link_detail_backend":"/materia/2321","metadata":{},"numero":202,"ano":2023,"numero_protocolo":null,"data_apresentacao":"2023-05-23","tipo_apresentacao":"E","data_publicacao":null,"numero_origem_externa":"","ano_origem_externa":null,"data_origem_externa":null,"apelido":"","dias_prazo":null,"data_fim_prazo":null,"em_tramitacao":false,"polemica":false,"objeto":"","complementar":false,"ementa":"Exm\u00ba. Sr. Presidente da C\u00e2mara Municipal de Pocon\u00e9-MT.\r\n\r\n\r\nO vereador que a esta subscreve, nos termos do Regimento Interno da Casa, INDICA a Sua Excel\u00eancia Ata\u00edl Marques do Amaral, Prefeito Municipal e a Secretaria de Estado de Meio Ambiente, no sentido de buscar entendimentos e tomadas de provid\u00eancias para que haja descentraliza\u00e7\u00e3o de alguns servi\u00e7os da SEMA, ficando sobre responsabilidade/decis\u00e3o do Poder P\u00fablico Municipal de Pocon\u00e9/Secretaria Municipal de Meio Ambiente, a fim de dar agilidade em processos e atender a popula\u00e7\u00e3o sem ter que se deslocar at\u00e9 a SEMA Mato Grosso.\r\n\r\nSala das Sess\u00f5es \u201cJosefa Gon\u00e7alves\u201d, em 23 de maio de 2023.\r\n\r\n\r\nVereador Benedito Aur\u00e9lio, PP.","indexacao":"","observacao":"","resultado":"","texto_original":"http://sapl.pocone.mt.leg.br/media/sapl/public/materialegislativa/2023/2321/indicacao_no_025-2023...pdf","data_ultima_atualizacao":"2023-05-24T12:34:47.612218-03:00","ip":"201.71.140.251","ultima_edicao":"2023-05-24T12:33:35.296800-03:00","tipo":7,"regime_tramitacao":1,"tipo_origem_externa":null,"local_origem_externa":null,"user":9,"anexadas":[],"autores":[19]}