{"id":2320,"__str__":"INDICA\u00c7\u00d5ES n\u00ba 201 de 2023","link_detail_backend":"/materia/2320","metadata":{},"numero":201,"ano":2023,"numero_protocolo":null,"data_apresentacao":"2023-05-23","tipo_apresentacao":"E","data_publicacao":null,"numero_origem_externa":"","ano_origem_externa":null,"data_origem_externa":null,"apelido":"","dias_prazo":null,"data_fim_prazo":null,"em_tramitacao":false,"polemica":false,"objeto":"","complementar":false,"ementa":"Exm\u00ba. Sr. Presidente da C\u00e2mara Municipal de Pocon\u00e9-MT.\r\n\r\nO vereador que a esta subscreve, nos termos do Regimento Interno da Casa, INDICA as Suas Excel\u00eancias Ata\u00edl Marques do Amaral, Prefeito Municipal, Ney Rondon Marques, Secret\u00e1rio Municipal de Infraestrutura, viabilizar a constru\u00e7\u00e3o de faixa elevada de pedestres na Rua Tiradentes, 100 metros da esquina pra direita e 100 metros pra esquerda, proximidades do Mercado Primavera e da Creche Municipal Augusta Leite, localizadas no Bairro Cruz Preta, cidade de Pocon\u00e9 \u2013 MT.\r\n\r\nSala das Sess\u00f5es \u201cJosefa Gon\u00e7alves\u201d, em 23 de maio de 2023.\r\n\r\n\r\n\r\nVereador Benedito Aur\u00e9lio, PP.","indexacao":"","observacao":"","resultado":"","texto_original":"http://sapl.pocone.mt.leg.br/media/sapl/public/materialegislativa/2023/2320/indicacao_no_024-2023...pdf","data_ultima_atualizacao":"2023-05-24T12:33:25.332615-03:00","ip":"201.71.140.251","ultima_edicao":"2023-05-24T12:31:54.117375-03:00","tipo":7,"regime_tramitacao":1,"tipo_origem_externa":null,"local_origem_externa":null,"user":9,"anexadas":[],"autores":[19]}