{"id":2319,"__str__":"INDICA\u00c7\u00d5ES n\u00ba 200 de 2023","link_detail_backend":"/materia/2319","metadata":{},"numero":200,"ano":2023,"numero_protocolo":null,"data_apresentacao":"2023-05-23","tipo_apresentacao":"E","data_publicacao":null,"numero_origem_externa":"","ano_origem_externa":null,"data_origem_externa":null,"apelido":"","dias_prazo":null,"data_fim_prazo":null,"em_tramitacao":false,"polemica":false,"objeto":"","complementar":false,"ementa":"Exm\u00ba.Sr.Presidente da C\u00e2mara Municipal de Pocon\u00e9-MT.\r\n\r\nO Vereador que a este subscreve, nos termos do Regimento Interno da Casa, ouvindo o Plen\u00e1rio, INDICA as Suas Excel\u00eancias Ata\u00edl Marques do Amaral, Prefeito Municipal, Ney Rondon Marques, Secret\u00e1rio Municipal de Infraestrutura, no sentido de buscar entendimentos e tomadas de provid\u00eancias para recupera\u00e7\u00e3o asf\u00e1ltica da entrada do Residencial Guat\u00f3s I e II, localizada no bairro Cruz Preta, cidade de Pocon\u00e9 \u2013 MT.\r\n\r\nSala das Sess\u00f5es \u201cJosefa Gon\u00e7alves\u201d, em 23 de maio de 2023.\r\n\r\n\r\nVer. M\u00e1rcio Fernandes, \u201cMarcinho\u201d, MDB","indexacao":"","observacao":"","resultado":"","texto_original":"http://sapl.pocone.mt.leg.br/media/sapl/public/materialegislativa/2023/2319/indicacao_no_047-2023.pdf","data_ultima_atualizacao":"2023-05-24T12:26:41.077409-03:00","ip":"201.71.140.251","ultima_edicao":"2023-05-24T12:26:02.315437-03:00","tipo":7,"regime_tramitacao":1,"tipo_origem_externa":null,"local_origem_externa":null,"user":9,"anexadas":[],"autores":[21]}