{"id":2316,"__str__":"INDICA\u00c7\u00d5ES n\u00ba 197 de 2023","link_detail_backend":"/materia/2316","metadata":{},"numero":197,"ano":2023,"numero_protocolo":null,"data_apresentacao":"2023-05-23","tipo_apresentacao":"E","data_publicacao":null,"numero_origem_externa":"","ano_origem_externa":null,"data_origem_externa":null,"apelido":"","dias_prazo":null,"data_fim_prazo":null,"em_tramitacao":false,"polemica":false,"objeto":"","complementar":false,"ementa":"Exm\u00ba. Sr\u00ba. Presidente da C\u00e2mara Municipal de Pocon\u00e9-MT.\r\n\r\n                         A Vereadora que a esta subscreve, nos termos do Regimento Interno da Casa, Indica as Suas Excel\u00eancias Ata\u00edl Marques do Amaral, Prefeito Municipal, Giordano Paolo Proen\u00e7a Campos, Secret\u00e1rio Municipal de Finan\u00e7as, Manoel Sot\u00e9rio, Diretor Municipal de Tributos, para que fa\u00e7am com que a Prefeitura Municipal cumprindo o papel de \u201cexecutivo\u201d, fiscalize, notifique e exija tributa\u00e7\u00e3o adequada para N\u00c3O CONFIGURAR OMISS\u00c3O DE RECOLHIMENTO de taxas e ou/ tributos na explora\u00e7\u00e3o de publicidades em Placas, Painel Publicit\u00e1rio, Cartaz, Outdoor e An\u00fancios existentes nas ruas e avenidas da cidade em especial na entrada da cidade. \r\n\r\nSala das Sess\u00f5es \u201cJosefa Gon\u00e7alves\u201d, em 16 de maio de 2023.\r\n\t\r\n                             Vereadora Jossielma Silva, PTB.","indexacao":"","observacao":"","resultado":"","texto_original":"http://sapl.pocone.mt.leg.br/media/sapl/public/materialegislativa/2023/2316/indicacao_no_0132023.pdf","data_ultima_atualizacao":"2023-05-24T12:14:39.432381-03:00","ip":"201.71.140.251","ultima_edicao":"2023-05-24T12:13:56.080306-03:00","tipo":7,"regime_tramitacao":1,"tipo_origem_externa":null,"local_origem_externa":null,"user":9,"anexadas":[],"autores":[27]}