{"id":2313,"__str__":"INDICA\u00c7\u00d5ES n\u00ba 194 de 2023","link_detail_backend":"/materia/2313","metadata":{},"numero":194,"ano":2023,"numero_protocolo":null,"data_apresentacao":"2023-05-23","tipo_apresentacao":"E","data_publicacao":null,"numero_origem_externa":"","ano_origem_externa":null,"data_origem_externa":null,"apelido":"","dias_prazo":null,"data_fim_prazo":null,"em_tramitacao":false,"polemica":false,"objeto":"","complementar":false,"ementa":"Exm\u00ba. Sr. Presidente da C\u00e2mara Municipal de Pocon\u00e9-MT.\r\n\r\nO Vereador que a esta subscreve, nos termos do Regimento Interno da Casa, ouvido o Plen\u00e1rio, INDICA as Suas Excel\u00eancias Ata\u00edl Marques do Amaral, Prefeito Municipal, Ney Rondon Marques, Secret\u00e1rio Municipal de Infraestrutura, tomem as provid\u00eancias necess\u00e1rias para regularizar sistema de ilumina\u00e7\u00e3o p\u00fablica na Rua Senador Azeredo, localizada no Bairro S\u00e3o Benedito, proximidade do Mercado da Luzia.  \r\n\r\n\r\nJustificamos a iniciativa tendo em vista a escurid\u00e3o existente, a regulariza\u00e7\u00e3o do sistema ir\u00e1 beneficiar fam\u00edlias residentes e transeuntes, pelo o que esperamos contar com acolhida do Poder Executivo Municipal.\r\n\r\n\r\n                      Sala das Sess\u00f5es \u201cJosefa Gon\u00e7alves\u201d, em 23 de maio de 2023.\r\n\r\n\r\n\r\n                    Vereador F\u00e1bio de Oliveira, UB.","indexacao":"","observacao":"","resultado":"","texto_original":"http://sapl.pocone.mt.leg.br/media/sapl/public/materialegislativa/2023/2313/indicacao_no_033-2023..pdf","data_ultima_atualizacao":"2023-05-24T11:53:53.016264-03:00","ip":"201.71.140.251","ultima_edicao":"2023-05-24T11:53:11.590184-03:00","tipo":7,"regime_tramitacao":1,"tipo_origem_externa":null,"local_origem_externa":null,"user":9,"anexadas":[],"autores":[22]}