{"id":2309,"__str__":"MO\u00c7\u00d5ES n\u00ba 16 de 2023","link_detail_backend":"/materia/2309","metadata":{},"numero":16,"ano":2023,"numero_protocolo":null,"data_apresentacao":"2023-05-23","tipo_apresentacao":"E","data_publicacao":null,"numero_origem_externa":"","ano_origem_externa":null,"data_origem_externa":null,"apelido":"","dias_prazo":null,"data_fim_prazo":null,"em_tramitacao":false,"polemica":false,"objeto":"","complementar":false,"ementa":"Exm\u00ba. Sr. Presidente da C\u00e2mara Municipal de Pocon\u00e9-MT.\r\n\r\n                       A C\u00e2mara Municipal de Pocon\u00e9, Estado de Mato Grosso, atrav\u00e9s dos Vereadores que a comp\u00f5em leg\u00edtimo representante do povo poconeano apresenta Mo\u00e7\u00e3o de Aplausos ao Empres\u00e1rio F\u00e1bio Roberto de Oliveira e Silva, propriet\u00e1rio da Distribuidora Super G\u00e1s, cidade de Pocon\u00e9 \u2013 MT.\r\n                       Essa Mo\u00e7\u00e3o de Aplausos \u00e9 fruto do m\u00e9rito e reconhecimento desta Casa Legislativa, a esse empres\u00e1rio, cidad\u00e3o honrado trabalhando com dignidade e gerando emprego e renda para o nosso munic\u00edpio, al\u00e9m de oferecer bons produtos e atendimento especial a sua clientela. \r\n\r\nQue seja dado conhecimento desta ao homenageado. \r\n\r\nSala das Sess\u00f5es \u201cJosefa Gon\u00e7alves\u201d, em 23 de maio de 2023.\r\n\r\n \r\n                       Ver. Marcio Fernandes \u201cMarcinho\u201d, MDB.","indexacao":"","observacao":"","resultado":"","texto_original":"http://sapl.pocone.mt.leg.br/media/sapl/public/materialegislativa/2023/2309/mocao_de_aplauso_no_007-2023.pdf","data_ultima_atualizacao":"2023-05-24T11:18:19.223788-03:00","ip":"201.71.140.251","ultima_edicao":"2023-05-24T11:17:29.476226-03:00","tipo":6,"regime_tramitacao":1,"tipo_origem_externa":null,"local_origem_externa":null,"user":9,"anexadas":[],"autores":[21]}