{"id":2304,"__str__":"REQUERIMENTOS COMUNS n\u00ba 19 de 2023","link_detail_backend":"/materia/2304","metadata":{},"numero":19,"ano":2023,"numero_protocolo":null,"data_apresentacao":"2023-05-23","tipo_apresentacao":"E","data_publicacao":null,"numero_origem_externa":"","ano_origem_externa":null,"data_origem_externa":null,"apelido":"","dias_prazo":null,"data_fim_prazo":null,"em_tramitacao":false,"polemica":false,"objeto":"","complementar":false,"ementa":"Exm\u00ba. Sr. Presidente da C\u00e2mara Municipal de Pocon\u00e9-MT.\r\n\r\n                      O Vereador que a este subscreve, nos termos do Regimento Interno da Casa, ouvido o Plen\u00e1rio, REQUER a Mesa Diretora seja oficializada a Sua Excel\u00eancia Joelma Gomes da Silva, Secret\u00e1ria Municipal de A\u00e7\u00e3o Social, Emprego e Renda, no sentido de informar a C\u00e2mara Municipal quais os procedimentos para as fam\u00edlias terem direito e acesso ao cart\u00e3o \u201cSer Fam\u00edlia\u201d, no munic\u00edpio de Pocon\u00e9- MT.\r\n\r\n\r\n                     Justificamos o pedido tendo em vista que in\u00fameras fam\u00edlias n\u00e3o foram contempladas com a justificativa de que n\u00e3o preenchem os requisitos, tamb\u00e9m existem \u00e1udios circulando que vereadores tinham direito de escolha, indicar fam\u00edlias.  \r\n \r\n\r\n                      Sala das Sess\u00f5es \u201cJosefa Gon\u00e7alves\u201d, 23 de maio de 2023.\r\n\r\n\r\n\r\n                        Vereador Benedito Aur\u00e9lio, PP.","indexacao":"","observacao":"","resultado":"","texto_original":"http://sapl.pocone.mt.leg.br/media/sapl/public/materialegislativa/2023/2304/requerimento_no_003-2023..pdf","data_ultima_atualizacao":"2023-05-24T10:50:25.893765-03:00","ip":"201.71.140.251","ultima_edicao":"2023-05-24T10:48:30.470015-03:00","tipo":5,"regime_tramitacao":1,"tipo_origem_externa":null,"local_origem_externa":null,"user":9,"anexadas":[],"autores":[19]}