{"id":2303,"__str__":"REQUERIMENTOS COMUNS n\u00ba 18 de 2023","link_detail_backend":"/materia/2303","metadata":{},"numero":18,"ano":2023,"numero_protocolo":null,"data_apresentacao":"2023-05-16","tipo_apresentacao":"E","data_publicacao":null,"numero_origem_externa":"","ano_origem_externa":null,"data_origem_externa":null,"apelido":"","dias_prazo":null,"data_fim_prazo":null,"em_tramitacao":false,"polemica":false,"objeto":"","complementar":false,"ementa":"Exm\u00ba. Sr\u00ba. Presidente da C\u00e2mara Municipal de Pocon\u00e9-MT.\r\nO Vereador que a este subscreve, ouvido o Plen\u00e1rio, nos termos do Regimento Interno da Casa, Requer a Mesa Diretora seja oficiada a Sua Excel\u00eancia Ata\u00edl Marques do Amaral, Prefeito Municipal, no sentido do chefe do Poder Executivo determinar ao setor competente da Prefeitura Municipal de Pocon\u00e9, expedir notifica\u00e7\u00e3o a Concession\u00e1ria de Distribui\u00e7\u00e3o de Energia El\u00e9trica \u2013 Energisa, para cobrar das empresas ocupantes de sua estrutura a regularizarem a situa\u00e7\u00e3o da fia\u00e7\u00e3o nas vias p\u00fablicas da cidade de Pocon\u00e9 \u2013 MT.  \r\nA concession\u00e1ria energisa detentora dos postes tem que solicitar as empresas como de internet e outras a padronizar a altura da fia\u00e7\u00e3o e que a mesma seja bem esticada, e que seja feita a remo\u00e7\u00e3o, sem qualquer \u00f4nus para a administra\u00e7\u00e3o p\u00fablica municipal de fios inutilizados ou em desuso dos postes de energia el\u00e9trica.\r\n\r\nSala das Sess\u00f5es \u201cJosefa Gon\u00e7alves\u201d, em 15 de maio de 2023.\r\n\r\nVereador S\u00e9rgio Assun\u00e7\u00e3o, MDB","indexacao":"","observacao":"","resultado":"","texto_original":"http://sapl.pocone.mt.leg.br/media/sapl/public/materialegislativa/2023/2303/requerimento_no_001-2023.pdf","data_ultima_atualizacao":"2023-05-18T13:11:50.602677-03:00","ip":"201.71.140.251","ultima_edicao":"2023-05-18T13:09:46.129366-03:00","tipo":5,"regime_tramitacao":1,"tipo_origem_externa":null,"local_origem_externa":null,"user":9,"anexadas":[],"autores":[25]}