{"id":2302,"__str__":"INDICA\u00c7\u00d5ES n\u00ba 190 de 2023","link_detail_backend":"/materia/2302","metadata":{},"numero":190,"ano":2023,"numero_protocolo":null,"data_apresentacao":"2023-05-16","tipo_apresentacao":"E","data_publicacao":null,"numero_origem_externa":"","ano_origem_externa":null,"data_origem_externa":null,"apelido":"","dias_prazo":null,"data_fim_prazo":null,"em_tramitacao":false,"polemica":false,"objeto":"","complementar":false,"ementa":"Exm\u00ba. Sr. Presidente da C\u00e2mara Municipal de Pocon\u00e9-MT.\r\n\r\n\r\n                       O vereador que a esta subscreve, nos termos do Regimento Interno da Casa, ouvido o Plen\u00e1rio, Indica a Sua Excel\u00eancia o Senhor Marcelo de Oliveira e Silva, Secret\u00e1rio de Estado de Infraestrutura e Log\u00edstica, a necessidade de efetuar limpeza das margens da Estrada Parque Z\u00e9lito Dorileo/Transpantaneira da sede da cidade de Pocon\u00e9 at\u00e9 a antiga Escola Nazar\u00e9/Fazenda da Esperan\u00e7a.\r\n\r\n\r\n  Atendendo a justa reivindica\u00e7\u00e3o da popula\u00e7\u00e3o, transeuntes principalmente das pessoas que praticam caminhada, ciclismo e a exist\u00eancia de matagais existentes nas margens, verificando in loco constatamos a necessidade de fazer essa limpeza para oferecer a esta clientela espa\u00e7o adequado para as atividades.\r\n\r\n\r\n                      Sala das Sess\u00f5es \u201cJosefa Gon\u00e7alves\u201d, 16 de maio de 2023.\r\n\r\n\r\n        \r\n                     Vereador Lu\u00eds Eduardo \u201cDudu Carrapato\u201d, PSDB.","indexacao":"","observacao":"","resultado":"","texto_original":"http://sapl.pocone.mt.leg.br/media/sapl/public/materialegislativa/2023/2302/indicacao_no_024-2023..pdf","data_ultima_atualizacao":"2023-05-18T13:08:06.239195-03:00","ip":"201.71.140.251","ultima_edicao":"2023-05-18T13:07:37.583586-03:00","tipo":7,"regime_tramitacao":1,"tipo_origem_externa":null,"local_origem_externa":null,"user":9,"anexadas":[],"autores":[18]}