{"id":2299,"__str__":"INDICA\u00c7\u00d5ES n\u00ba 187 de 2023","link_detail_backend":"/materia/2299","metadata":{},"numero":187,"ano":2023,"numero_protocolo":null,"data_apresentacao":"2023-05-16","tipo_apresentacao":"E","data_publicacao":null,"numero_origem_externa":"","ano_origem_externa":null,"data_origem_externa":null,"apelido":"","dias_prazo":null,"data_fim_prazo":null,"em_tramitacao":false,"polemica":false,"objeto":"","complementar":false,"ementa":"Exm\u00ba. Sr. Presidente da C\u00e2mara Municipal de Pocon\u00e9-MT.\r\n\r\n                       O vereador que a esta subscreve, nos termos do Regimento Interno da Casa, ouvido o Plen\u00e1rio, Indica as Suas Excel\u00eancias Ata\u00edl Marques do Amaral, Prefeito Municipal, Ney Rondon Marques, Secret\u00e1rio Municipal de Infraestrutura, no sentido de efetuar com urg\u00eancia \u00e0 realiza\u00e7\u00e3o de servi\u00e7o de \u201cTapa Buracos\u201d, na Rua Ant\u00f4nio Jo\u00e3o, e em vias p\u00fablicas localizadas no Bairro Jo\u00e3o Godofredo, cidade de Pocon\u00e9 \u2013 MT. \r\n\r\n                      Sala das Sess\u00f5es \u201cJosefa Gon\u00e7alves\u201d, 16 de maio de 2023.\r\n                 \r\n                     Vereador Lu\u00eds Eduardo \u201cDudu Carrapato\u201d, PSDB.","indexacao":"","observacao":"","resultado":"","texto_original":"http://sapl.pocone.mt.leg.br/media/sapl/public/materialegislativa/2023/2299/indicacao_no_021-2023..pdf","data_ultima_atualizacao":"2023-05-18T13:05:31.342548-03:00","ip":"201.71.140.251","ultima_edicao":"2023-05-18T13:04:30.721369-03:00","tipo":7,"regime_tramitacao":1,"tipo_origem_externa":null,"local_origem_externa":null,"user":9,"anexadas":[],"autores":[18]}