{"id":2296,"__str__":"INDICA\u00c7\u00d5ES n\u00ba 184 de 2023","link_detail_backend":"/materia/2296","metadata":{},"numero":184,"ano":2023,"numero_protocolo":null,"data_apresentacao":"2023-05-16","tipo_apresentacao":"E","data_publicacao":null,"numero_origem_externa":"","ano_origem_externa":null,"data_origem_externa":null,"apelido":"","dias_prazo":null,"data_fim_prazo":null,"em_tramitacao":false,"polemica":false,"objeto":"","complementar":false,"ementa":"Exm\u00ba. Sr. Presidente da C\u00e2mara Municipal de Pocon\u00e9-MT.\r\n\r\n                     Vereadores que a este subscreve, nos termos do Regimento Interno da Casa, ouvindo o Plen\u00e1rio, INDICAM a concession\u00e1ria ENERGISA viabilizar extens\u00e3o de rede de energia el\u00e9trica, com coloca\u00e7\u00e3o de postes e ilumina\u00e7\u00e3o p\u00fablica na Avenida Generoso Ponce, entre as Ruas Valdevino Evangelista da Silva e a  da entrada dos Residenciais Guat\u00f3s I e II, cidade de Pocon\u00e9 - MT.\r\n\r\nVer. Lu\u00eds Eduardo,\u201cDudu Carrapato\u201d, PSDB.              Ver\u00aa.  Ageane Barros, UB.\r\n\r\n\r\nVer. Benedito Aur\u00e9lio, PP.                                      Ver. F\u00e1bio de Oliveira, UB.\r\n\r\n\r\nVer. Itamar Louren\u00e7o, PSB.                                    Ver\u00aa. Jocilma Amaral, UB.\r\n\r\n\r\nVer\u00aa. Jossielma Silva, PTB.                                   Ver. S\u00e9rgio Maracan\u00e3, PSB.\r\n\r\n\r\nVer. Marcio Fernandes, MDB.                 Ver\u00aa. Neya de Prof.. Francionei, PSB.\r\n\r\n\r\n\r\nVer. S\u00e9rgio Assun\u00e7\u00e3o, MDB.","indexacao":"","observacao":"","resultado":"","texto_original":"http://sapl.pocone.mt.leg.br/media/sapl/public/materialegislativa/2023/2296/indicacao_no_018-2023..pdf","data_ultima_atualizacao":"2023-05-18T13:00:00.250886-03:00","ip":"201.71.140.251","ultima_edicao":"2023-05-18T12:57:28.216896-03:00","tipo":7,"regime_tramitacao":1,"tipo_origem_externa":null,"local_origem_externa":null,"user":9,"anexadas":[],"autores":[18]}