{"id":2293,"__str__":"INDICA\u00c7\u00d5ES n\u00ba 181 de 2023","link_detail_backend":"/materia/2293","metadata":{},"numero":181,"ano":2023,"numero_protocolo":null,"data_apresentacao":"2023-05-16","tipo_apresentacao":"E","data_publicacao":null,"numero_origem_externa":"","ano_origem_externa":null,"data_origem_externa":null,"apelido":"","dias_prazo":null,"data_fim_prazo":null,"em_tramitacao":false,"polemica":false,"objeto":"","complementar":false,"ementa":"Exm\u00ba. Sr. Presidente da C\u00e2mara Municipal de Pocon\u00e9-MT.\r\n\r\n\r\n Vereadores que a esta subscreve, nos termos do Regimento Interno da Casa, INDICAM as Suas Excel\u00eancias Ata\u00edl Marques do Amaral, Prefeito Municipal, Deputados Estaduais, Jana\u00edna Riva, Thiago Silva, Juca do Guaran\u00e1, Eduardo Botelho e J\u00falio Campos, Deputado Federal Juarez Costa, no sentido de buscar entendimentos e tomadas de provid\u00eancias junto ao Governo Estadual e Federal e/ou via emenda parlamentares, destinarem recursos financeiros para a Prefeitura Municipal de Pocon\u00e9, no valor de R$ 400.000,00 (quatrocentos mil reais), destinados para constru\u00e7\u00e3o de pra\u00e7a  p\u00fablica e instala\u00e7\u00e3o de academia ao ar livre,  na area onde funcionava a Escola Municipal Professora Mirtes Leite,localizada na Avenida Pinheiro Machado, populoso Bairro Bom Pastor, cidade de Pocon\u00e9 MT.\r\n\r\n\r\n\r\n                     Sala das Sess\u00f5es \u201cJosefa Gon\u00e7alves\u201d, em 16 de maio de 2023.\r\n\r\n\r\n\r\nVer. M\u00e1rcio Fernandes, \u201cMarcinho\u201d, MDB.        Vereadora Ageane Barros, UB.","indexacao":"","observacao":"","resultado":"","texto_original":"http://sapl.pocone.mt.leg.br/media/sapl/public/materialegislativa/2023/2293/indicacao_no_043-2023.pdf","data_ultima_atualizacao":"2023-05-18T11:53:02.347375-03:00","ip":"201.71.140.251","ultima_edicao":"2023-05-18T11:52:16.146182-03:00","tipo":7,"regime_tramitacao":1,"tipo_origem_externa":null,"local_origem_externa":null,"user":9,"anexadas":[],"autores":[21]}