{"id":2287,"__str__":"INDICA\u00c7\u00d5ES n\u00ba 175 de 2023","link_detail_backend":"/materia/2287","metadata":{},"numero":175,"ano":2023,"numero_protocolo":null,"data_apresentacao":"2023-05-09","tipo_apresentacao":"E","data_publicacao":null,"numero_origem_externa":"","ano_origem_externa":null,"data_origem_externa":null,"apelido":"","dias_prazo":null,"data_fim_prazo":null,"em_tramitacao":false,"polemica":false,"objeto":"","complementar":false,"ementa":"Exm\u00ba. Sr. Presidente da C\u00e2mara Municipal de Pocon\u00e9-MT.\r\n\r\n                        A Vereadora que a esta subscreve, nos termos do Regimento Interno da Casa, INDICA as Suas Excel\u00eancias Ata\u00edl Marques do Amaral, Prefeito Municipal, Carla Maria Pereira Rondon, Diretora Municipal de Tr\u00e2nsito, no sentido de viabilizar constru\u00e7\u00e3o de faixas elevadas de travessia de pedestres em pontos estrat\u00e9gicos da Avenida An\u00edbal de Toledo, cidade de Pocon\u00e9 \u2013 MT.\r\nProximidades: Lojas Americanas, Magazine Luiza, Gazin, Martinello, Casa da Cultura e Delegacia de Policia Civil.\r\n\r\nAs constru\u00e7\u00f5es fazem necess\u00e1rias por se tratar de uma Avenida com grande movimenta\u00e7\u00e3o de ve\u00edculos, pedestres e os transeuntes sentem dificuldades para atravess\u00e1-la para terem acesso aos empreendimentos comerciais, correndo risco de serem acidentados, pelo o que esperamos contar com a acolhida do Poder Executivo a esta justa reivindica\u00e7\u00e3o.\r\n\r\nSala das Sess\u00f5es \u201cJosefa Gon\u00e7alves\u201d, 09 de maio de 2023. \r\n\r\nVereadora Neya de Prof. Francionei, PSB","indexacao":"","observacao":"","resultado":"","texto_original":"http://sapl.pocone.mt.leg.br/media/sapl/public/materialegislativa/2023/2287/indicacao_no_004-2023.pdf","data_ultima_atualizacao":"2023-05-15T10:52:27.993648-03:00","ip":"201.71.140.251","ultima_edicao":"2023-05-15T10:50:55.030357-03:00","tipo":7,"regime_tramitacao":1,"tipo_origem_externa":null,"local_origem_externa":null,"user":9,"anexadas":[],"autores":[40]}