{"id":2283,"__str__":"INDICA\u00c7\u00d5ES n\u00ba 171 de 2023","link_detail_backend":"/materia/2283","metadata":{},"numero":171,"ano":2023,"numero_protocolo":null,"data_apresentacao":"2023-05-09","tipo_apresentacao":"E","data_publicacao":null,"numero_origem_externa":"","ano_origem_externa":null,"data_origem_externa":null,"apelido":"","dias_prazo":null,"data_fim_prazo":null,"em_tramitacao":false,"polemica":false,"objeto":"","complementar":false,"ementa":"Exm\u00ba. Sr. Presidente da C\u00e2mara Municipal de Pocon\u00e9-MT.\r\n\r\n\r\nO vereador que a esta subscreve, nos termos do Regimento Interno da Casa, ouvido o Plen\u00e1rio, Indica as Suas Excel\u00eancias Ata\u00edl Marques do Amaral, Prefeito Municipal, Danielle Assis Carvalho, Secret\u00e1ria Municipal de Meio Ambiente, buscar entendimentos e tomadas de providencias  para que atrav\u00e9s de carro pipa fa\u00e7a abastecimento de \u00e1gua pot\u00e1vel as fam\u00edlias residentes no Assentamento Nossa Terra, Nossa Gente/Matadouro, cidade de Pocon\u00e9 \u2013 MT.\r\n\r\n\r\n\r\n                     Sala das Sess\u00f5es \u201cJosefa Gon\u00e7alves\u201d, em 08 de maio de 2023.\r\n\r\n\r\n\r\n\r\n                     Ver. M\u00e1rcio Fernandes, \u201cMarcinho\u201d, MDB.","indexacao":"","observacao":"","resultado":"","texto_original":"http://sapl.pocone.mt.leg.br/media/sapl/public/materialegislativa/2023/2283/indicacao_no_041-2023.pdf","data_ultima_atualizacao":"2023-05-11T13:07:45.150416-03:00","ip":"201.71.140.251","ultima_edicao":"2023-05-11T13:06:34.046985-03:00","tipo":7,"regime_tramitacao":1,"tipo_origem_externa":null,"local_origem_externa":null,"user":9,"anexadas":[],"autores":[21]}