{"id":2277,"__str__":"INDICA\u00c7\u00d5ES n\u00ba 165 de 2023","link_detail_backend":"/materia/2277","metadata":{},"numero":165,"ano":2023,"numero_protocolo":null,"data_apresentacao":"2023-05-09","tipo_apresentacao":"E","data_publicacao":null,"numero_origem_externa":"","ano_origem_externa":null,"data_origem_externa":null,"apelido":"","dias_prazo":null,"data_fim_prazo":null,"em_tramitacao":false,"polemica":false,"objeto":"","complementar":false,"ementa":"Exm\u00ba. Sr\u00ba. Presidente da C\u00e2mara Municipal de Pocon\u00e9-MT.\r\n\r\nO Vereador que a este subscreve, nos termos do Regimento Interno da Casa, ouvindo o Plen\u00e1rio, INDICA as Suas Excel\u00eancias Ata\u00edl Marques do Amaral, Prefeito Municipal, Ornella Ros\u00e1rio Proen\u00e7a Moraes Falc\u00e3o, Secret\u00e1ria Municipal de Educa\u00e7\u00e3o, Manoel Salvador Pereira Leite, Secret\u00e1rio Municipal de Turismo e a ao Sesc Pantanal, no sentido de buscar entendimentos e tomadas de provid\u00eancias para criar Projeto Pedag\u00f3gico do Curso de Ingl\u00eas aplicado a servi\u00e7os tur\u00edsticos, na cidade de Pocon\u00e9 \u2013 MT.\r\n\r\nSala das Sess\u00f5es \u201cJosefa Gon\u00e7alves\u201d, em 02 de maio de 2023.\r\n\r\n\r\n\r\nVereador F\u00e1bio de Oliveira, UB.","indexacao":"","observacao":"","resultado":"","texto_original":"http://sapl.pocone.mt.leg.br/media/sapl/public/materialegislativa/2023/2277/indicacao_no_029-2023..pdf","data_ultima_atualizacao":"2023-05-11T12:53:41.368424-03:00","ip":"201.71.140.251","ultima_edicao":"2023-05-11T12:52:38.408419-03:00","tipo":7,"regime_tramitacao":1,"tipo_origem_externa":null,"local_origem_externa":null,"user":9,"anexadas":[],"autores":[22]}