{"id":2273,"__str__":"INDICA\u00c7\u00d5ES n\u00ba 161 de 2023","link_detail_backend":"/materia/2273","metadata":{},"numero":161,"ano":2023,"numero_protocolo":null,"data_apresentacao":"2023-05-09","tipo_apresentacao":"E","data_publicacao":null,"numero_origem_externa":"","ano_origem_externa":null,"data_origem_externa":null,"apelido":"","dias_prazo":null,"data_fim_prazo":null,"em_tramitacao":false,"polemica":false,"objeto":"","complementar":false,"ementa":"Exm\u00ba Sr. Presidente da C\u00e2mara Municipal de Pocon\u00e9 \u2013 MT.\r\n\r\nAs Vereadoras que a esta subscreve, nos termos do Regimento Interno da Casa, INDICAM as Suas Excel\u00eancias Ornella Ros\u00e1rio Proen\u00e7a Moraes Falc\u00e3o, Secret\u00e1ria Municipal de Educa\u00e7\u00e3o, Ilma Regina Figueiredo Arruda, Secret\u00e1ria Municipal de Sa\u00fade, Joelma Gomes da Silva, Secretaria Municipal de Assist\u00eancia Social Emprego e Renda, a Comiss\u00e3o Municipal Parlamentar de Educa\u00e7\u00e3o, Cultura, Sa\u00fade e Assist\u00eancia Social, Senhora Maria Denize Souza Carvalho, Diretora Regional de Educa\u00e7\u00e3o \u2013 DRE V\u00e1rzea Grande, as Dire\u00e7\u00f5es das Escolas P\u00fablicas e Privadas de Pocon\u00e9, ao Conselho Municipal de Educa\u00e7\u00e3o, a Policia Militar e Policia Civil de Pocon\u00e9.\r\n\r\nSala das Sess\u00f5es \u201cJosefa Gon\u00e7alves\u201d, em 28 de abril de 2023.\r\n\r\n\r\nVereadora Ageane Barros, UB.                                          Vereadora Jocilma Amaral, UB.","indexacao":"","observacao":"","resultado":"","texto_original":"http://sapl.pocone.mt.leg.br/media/sapl/public/materialegislativa/2023/2273/indicacao_no_007-2023.pdf","data_ultima_atualizacao":"2023-05-11T12:40:32.034924-03:00","ip":"201.71.140.251","ultima_edicao":"2023-05-11T12:39:27.372434-03:00","tipo":7,"regime_tramitacao":1,"tipo_origem_externa":null,"local_origem_externa":null,"user":9,"anexadas":[],"autores":[16]}