{"id":2272,"__str__":"INDICA\u00c7\u00d5ES n\u00ba 160 de 2023","link_detail_backend":"/materia/2272","metadata":{},"numero":160,"ano":2023,"numero_protocolo":null,"data_apresentacao":"2023-05-09","tipo_apresentacao":"E","data_publicacao":null,"numero_origem_externa":"","ano_origem_externa":null,"data_origem_externa":null,"apelido":"","dias_prazo":null,"data_fim_prazo":null,"em_tramitacao":false,"polemica":false,"objeto":"","complementar":false,"ementa":"Exm\u00ba Sr. Presidente da C\u00e2mara Municipal de Pocon\u00e9 \u2013 MT.\r\n\r\nAs Vereadoras que a esta subscreve, nos termos do Regimento Interno da Casa, INDICAM as Suas Excel\u00eancias Ata\u00edl Marques do Amaral, Prefeito Municipal, Amarildo Schmieleski, Secret\u00e1rio Municipal de Desenvolvimento Rural e Agropecu\u00e1rio, Ilma Regina Figueiredo Arruda, Secret\u00e1ria Municipal de Sa\u00fade, e Senhor Jos\u00e9 Daniel Dalri, Diretor da Empaer \u2013 Pocon\u00e9, para que retome junto aos Conselhos Municipais de Bairros e Lideran\u00e7as o desenvolvimento e ado\u00e7\u00e3o de praticas agr\u00edcolas sustent\u00e1veis em seus sistemas de produ\u00e7\u00e3o urbana, valorizando e preservando os recursos naturais, a sa\u00fade humana e animal, aproveitando o conhecimento popular na cultiva\u00e7\u00e3o da diversidade de plantas medicinais em sistemas de base nas resid\u00eancias urbanas.\r\n\r\nSala das Sess\u00f5es \u201cJosefa Gon\u00e7alves\u201d, em 28 de abril de 2023.\r\n\r\n\r\nVereadora Ageane Barros, UB.                                                      Vereadora Jocilma Amaral, UB.","indexacao":"","observacao":"","resultado":"","texto_original":"http://sapl.pocone.mt.leg.br/media/sapl/public/materialegislativa/2023/2272/indicacao_no_006-2023.pdf","data_ultima_atualizacao":"2023-05-11T12:39:07.733827-03:00","ip":"201.71.140.251","ultima_edicao":"2023-05-11T12:37:52.974246-03:00","tipo":7,"regime_tramitacao":1,"tipo_origem_externa":null,"local_origem_externa":null,"user":9,"anexadas":[],"autores":[16]}