{"id":2271,"__str__":"INDICA\u00c7\u00d5ES n\u00ba 159 de 2023","link_detail_backend":"/materia/2271","metadata":{},"numero":159,"ano":2023,"numero_protocolo":null,"data_apresentacao":"2023-05-09","tipo_apresentacao":"E","data_publicacao":null,"numero_origem_externa":"","ano_origem_externa":null,"data_origem_externa":null,"apelido":"","dias_prazo":null,"data_fim_prazo":null,"em_tramitacao":false,"polemica":false,"objeto":"","complementar":false,"ementa":"Exm\u00ba Sr. Presidente da C\u00e2mara Municipal de Pocon\u00e9 \u2013 MT.\r\n\r\nAs Vereadoras que a esta subscreve, nos termos do Regimento Interno da Casa, INDICAM as Suas Excel\u00eancias Ata\u00edl Marques do Amaral, Prefeito Municipal, Jos\u00e9 Joadir do Amaral J\u00fanior, Secret\u00e1rio Municipal de Desenvolvimento Urbano e Econ\u00f4mico, Senhora Carlina Falc\u00e3o Diretora de Obras, Mineradora Tereza Botas e aos empres\u00e1rios da regi\u00e3o central de Pocon\u00e9, para que participem de uma reuni\u00e3o com intuito de discutir a restaura\u00e7\u00e3o e adequa\u00e7\u00e3o de dois canteiros da Pra\u00e7a Central Frei Joaquim T\u00e9bar, popular Pra\u00e7a da Matriz, com poss\u00edvel constru\u00e7\u00e3o do Chafariz central com cria\u00e7\u00e3o de escultura, (monumento), de pessoas, elementos de nossa cultura as margens da lamina d'\u00e1gua. \r\n\r\nSala das Sess\u00f5es \u201cJosefa Gon\u00e7alves\u201d, em 28 de abril de 2023.\r\n\r\n\r\nVereadora Ageane Barros, UB.                                                      Vereadora Jocilma Amaral, UB.","indexacao":"","observacao":"","resultado":"","texto_original":"http://sapl.pocone.mt.leg.br/media/sapl/public/materialegislativa/2023/2271/indicacao_no_005-2023.pdf","data_ultima_atualizacao":"2023-05-11T12:37:36.147030-03:00","ip":"201.71.140.251","ultima_edicao":"2023-05-11T12:36:04.997536-03:00","tipo":7,"regime_tramitacao":1,"tipo_origem_externa":null,"local_origem_externa":null,"user":9,"anexadas":[],"autores":[16]}