{"id":2263,"__str__":"INDICA\u00c7\u00d5ES n\u00ba 155 de 2023","link_detail_backend":"/materia/2263","metadata":{},"numero":155,"ano":2023,"numero_protocolo":null,"data_apresentacao":"2023-04-25","tipo_apresentacao":"E","data_publicacao":null,"numero_origem_externa":"","ano_origem_externa":null,"data_origem_externa":"2023-04-26","apelido":"","dias_prazo":null,"data_fim_prazo":null,"em_tramitacao":false,"polemica":false,"objeto":"","complementar":false,"ementa":"Exm\u00ba. Sr. Presidente da C\u00e2mara Municipal de Pocon\u00e9-MT.\r\n\r\n                         O vereador que a esta subscreve, nos termos do Regimento Interno da Casa, INDICA as Suas Excel\u00eancias Ata\u00edl Marques do Amaral, Prefeito Municipal, Deputados Estaduais Jana\u00edna Riva e Thiago Silva, Deputados Federais Juarez Costa, Emanuelzinho e F\u00e1bio Garcia, Senadores Jayme Campos, Wellington Fagundes e Margareth Buzetti, buscar entendimentos e tomadas de provid\u00eancias junto ao Governo Federal, Minist\u00e9rio de Educa\u00e7\u00e3o, a fim de destinar uma Lancha de Transporte Escolar, para o munic\u00edpio de Pocon\u00e9, para atender transporte de alunos que residem em regi\u00f5es ribeirinha.\r\n\r\nSala das Sess\u00f5es \u201cJosefa Gon\u00e7alves\u201d,em 24 de abril de 2023.\r\n\r\n\r\n\r\n\r\n                   Ver. M\u00e1rcio Fernandes, \u201cMarcinho\u201d, MDB.","indexacao":"","observacao":"","resultado":"","texto_original":"http://sapl.pocone.mt.leg.br/media/sapl/public/materialegislativa/2023/2263/indicacao_no_037-2023.pdf","data_ultima_atualizacao":"2023-04-26T13:08:18.572368-03:00","ip":"201.71.140.251","ultima_edicao":"2023-04-26T13:07:21.166457-03:00","tipo":7,"regime_tramitacao":1,"tipo_origem_externa":null,"local_origem_externa":1,"user":9,"anexadas":[],"autores":[21]}