{"id":2262,"__str__":"INDICA\u00c7\u00d5ES n\u00ba 154 de 2023","link_detail_backend":"/materia/2262","metadata":{},"numero":154,"ano":2023,"numero_protocolo":null,"data_apresentacao":"2023-04-25","tipo_apresentacao":"E","data_publicacao":null,"numero_origem_externa":"","ano_origem_externa":null,"data_origem_externa":"2023-04-26","apelido":"","dias_prazo":null,"data_fim_prazo":null,"em_tramitacao":false,"polemica":false,"objeto":"","complementar":false,"ementa":"Exm\u00ba. Sr. Presidente da C\u00e2mara Municipal de Pocon\u00e9-MT.\r\n\r\nO vereador que a esta subscreve, nos termos do Regimento Interno da Casa, Indica as Suas Excel\u00eancias Ata\u00edl Marques do Amaral, Prefeito Municipal, Jos\u00e9 Joadir do Amaral J\u00fanior, Secret\u00e1rio Municipal de Desenvolvimento Urbano e Econ\u00f4mico, a necessidade de efetuar manuten\u00e7\u00e3o com pintura dos redutores de velocidade (quebra-molas), existentes na cidade de Pocon\u00e9,todos com cores padr\u00e3o.\r\n\r\nDevido ao desgaste natural, a pintura indicativa dos redutores de velocidade do tipo quebra-molas, em sua grande maioria j\u00e1 n\u00e3o existe, impedindo, principalmente no per\u00edodo noturno, a visualiza\u00e7\u00e3o da lombada, podendo ocasionar acidentes envolvendo motoristas, motociclistas e pedestres. \r\n\r\n\r\n                   Sala das Sess\u00f5es \u201cJosefa Gon\u00e7alves\u201d,em 17 de abril de 2023.\r\n\r\n\r\n\r\n\r\n                   Ver. M\u00e1rcio Fernandes, \u201cMarcinho\u201d, MDB.","indexacao":"","observacao":"","resultado":"","texto_original":"http://sapl.pocone.mt.leg.br/media/sapl/public/materialegislativa/2023/2262/indicacao_no_036-2023.pdf","data_ultima_atualizacao":"2023-04-26T13:07:07.194354-03:00","ip":"201.71.140.251","ultima_edicao":"2023-04-26T13:05:58.732403-03:00","tipo":7,"regime_tramitacao":1,"tipo_origem_externa":null,"local_origem_externa":1,"user":9,"anexadas":[],"autores":[21]}