{"id":2260,"__str__":"INDICA\u00c7\u00d5ES n\u00ba 152 de 2023","link_detail_backend":"/materia/2260","metadata":{},"numero":152,"ano":2023,"numero_protocolo":null,"data_apresentacao":"2023-04-25","tipo_apresentacao":"E","data_publicacao":null,"numero_origem_externa":"","ano_origem_externa":null,"data_origem_externa":"2023-04-26","apelido":"","dias_prazo":null,"data_fim_prazo":null,"em_tramitacao":false,"polemica":false,"objeto":"","complementar":false,"ementa":"Exm\u00ba. Sr. Presidente da C\u00e2mara Municipal de Pocon\u00e9-MT.\r\n\r\n                        O Vereador que a esta subscreve, nos termos do Regimento Interno da Casa, INDICA as Suas Excel\u00eancias Ata\u00edl Marques do Amaral Prefeito Municipal, Ornella Ros\u00e1rio Proen\u00e7a Moraes Falc\u00e3o Secret\u00e1ria Municipal de Educa\u00e7\u00e3o, no sentido de viabilizar estudo e tomadas de providencias para implantar nas estruturas f\u00edsicas das Escolas e Creches da Rede Municipal o \u201cSistema Bot\u00e3o de P\u00e2nico\u201d.\r\n\r\nSala das Sess\u00f5es \u201cJosefa Gon\u00e7alves\u201d, em 17 de abril de 2023.\r\n\r\n\r\n\r\n                      Vereador Benedito Aur\u00e9lio, PP.","indexacao":"","observacao":"","resultado":"","texto_original":"http://sapl.pocone.mt.leg.br/media/sapl/public/materialegislativa/2023/2260/indicacao_no_020-2023...pdf","data_ultima_atualizacao":"2023-04-26T11:50:01.579187-03:00","ip":"201.71.140.251","ultima_edicao":"2023-04-26T11:48:57.345194-03:00","tipo":7,"regime_tramitacao":1,"tipo_origem_externa":null,"local_origem_externa":1,"user":9,"anexadas":[],"autores":[19]}