{"id":2253,"__str__":"INDICA\u00c7\u00d5ES n\u00ba 145 de 2023","link_detail_backend":"/materia/2253","metadata":{},"numero":145,"ano":2023,"numero_protocolo":null,"data_apresentacao":"2023-04-25","tipo_apresentacao":"E","data_publicacao":null,"numero_origem_externa":"","ano_origem_externa":null,"data_origem_externa":"2023-04-26","apelido":"","dias_prazo":null,"data_fim_prazo":null,"em_tramitacao":false,"polemica":false,"objeto":"","complementar":false,"ementa":"Exm\u00ba. Sr. Presidente da C\u00e2mara Municipal de Pocon\u00e9-MT.\r\n\r\n O Vereador que a esta subscreve, nos termos do Regimento Interno da Casa, ouvido o Plen\u00e1rio, INDICA as Suas Excel\u00eancias Ata\u00edl Marques do Amaral, Prefeito Municipal, Danielle Assis Carvalho, Secret\u00e1ria Municipal de Meio Ambiente, Lucas Gouveia, Procurador Jur\u00eddico do Munic\u00edpio, para que fa\u00e7am com que a prefeitura municipal fa\u00e7a o papel de \u201cexecutivo\u201d e fiscalize, notifique se necess\u00e1rio multe os propriet\u00e1rios de edif\u00edcios, im\u00f3veis residenciais e ou comerciais que N\u00c3O estejam com suas depend\u00eancias conservadas e preservadas pelos propriet\u00e1rios ou usu\u00e1rios, quantos anos aspectos de conforto, utilidade, estabilidade, est\u00e9tica e higiene, objetivando n\u00e3o comprometer a paisagem urbana, a seguran\u00e7a e a sa\u00fade dos ocupantes e do p\u00fablico.\r\n\r\nSala das Sess\u00f5es \u201cJosefa Gon\u00e7alves\u201d, em 17 de abril de 2023.\r\n\r\n\r\n\r\nVereador F\u00e1bio de Oliveira, UB.","indexacao":"","observacao":"","resultado":"","texto_original":"http://sapl.pocone.mt.leg.br/media/sapl/public/materialegislativa/2023/2253/indicacao_no_025-2023..pdf","data_ultima_atualizacao":"2023-04-26T11:32:45.453586-03:00","ip":"201.71.140.251","ultima_edicao":"2023-04-26T11:30:55.485202-03:00","tipo":7,"regime_tramitacao":1,"tipo_origem_externa":null,"local_origem_externa":1,"user":9,"anexadas":[],"autores":[22]}