{"id":2246,"__str__":"REQUERIMENTOS COMUNS n\u00ba 16 de 2023","link_detail_backend":"/materia/2246","metadata":{},"numero":16,"ano":2023,"numero_protocolo":null,"data_apresentacao":"2023-04-25","tipo_apresentacao":"E","data_publicacao":null,"numero_origem_externa":"","ano_origem_externa":null,"data_origem_externa":"2023-04-25","apelido":"","dias_prazo":null,"data_fim_prazo":null,"em_tramitacao":false,"polemica":false,"objeto":"","complementar":false,"ementa":"Exm\u00ba. Sr. Presidente da C\u00e2mara Municipal de Pocon\u00e9-MT.\r\n\r\n                     O Vereador que a este subscreve, nos termos do Regimento Interno da Casa, ouvido o Plen\u00e1rio, REQUER a Mesa Diretora seja oficializada a Sua Excel\u00eancia Viviane Cristina da Silva Lemes, Secret\u00e1ria Municipal de Planejamento e Administra\u00e7\u00e3o, no sentido de informar a C\u00e2mara Municipal quantos e quais s\u00e3o os contratos celebrados pela Prefeitura Municipal de Pocon\u00e9, para loca\u00e7\u00f5es de ve\u00edculos para servi\u00e7os de transporte escolar no munic\u00edpio de Pocon\u00e9, no exerc\u00edcio de 2023.\r\n\r\n \r\n\r\n                      Sala das Sess\u00f5es \u201cJosefa Gon\u00e7alves\u201d, 17 de abril de 2023.\r\n\r\n\r\n\r\n\r\n                        Vereador Benedito Aur\u00e9lio, PP.","indexacao":"","observacao":"","resultado":"","texto_original":"http://sapl.pocone.mt.leg.br/media/sapl/public/materialegislativa/2023/2246/requerimento_no_002-2023..pdf","data_ultima_atualizacao":"2023-04-25T12:50:27.676493-03:00","ip":"201.71.140.251","ultima_edicao":"2023-04-25T12:49:22.349059-03:00","tipo":5,"regime_tramitacao":1,"tipo_origem_externa":null,"local_origem_externa":1,"user":9,"anexadas":[],"autores":[19]}