{"id":2232,"__str__":"REQUERIMENTOS COMUNS n\u00ba 13 de 2023","link_detail_backend":"/materia/2232","metadata":{},"numero":13,"ano":2023,"numero_protocolo":null,"data_apresentacao":"2023-04-11","tipo_apresentacao":"E","data_publicacao":null,"numero_origem_externa":"","ano_origem_externa":null,"data_origem_externa":"2023-04-11","apelido":"","dias_prazo":null,"data_fim_prazo":null,"em_tramitacao":false,"polemica":false,"objeto":"","complementar":false,"ementa":"Exm\u00ba. Sr\u00ba. Presidente da C\u00e2mara Municipal de Pocon\u00e9-MT.\r\n  \r\n\r\n                    A Vereadora que a este subscreve, nos termos do Regimento Interno da Casa, ouvido o Plen\u00e1rio, REQUER a Mesa Diretora seja oficializado a Coordena\u00e7\u00e3o do PROCON, da cidade de Pocon\u00e9-MT, no sentido de informar a C\u00e2mara Municipal de Pocon\u00e9 n\u00fameros de demandas reclama\u00e7\u00f5es recebidas em desfavor da Empresa Concession\u00e1ria \u00c1guas de Pocon\u00e9, principalmente nas que se referem a recupera\u00e7\u00e3o de asfalto, para que a Concession\u00e1ria construa ou recupera rede de distribui\u00e7\u00e3o de \u00e1gua.\r\n\r\n\r\n\r\n   Sala das Sess\u00f5es \u201cJosefa Gon\u00e7alves\u201d, em 10 de abril de 2023.\r\n          \r\n\r\n\r\n\r\n\r\n                    Vereadora Jossielma Silva, PTB.","indexacao":"","observacao":"","resultado":"","texto_original":"http://sapl.pocone.mt.leg.br/media/sapl/public/materialegislativa/2023/2232/requerimento_no_008-2023.pdf","data_ultima_atualizacao":"2023-04-11T13:40:49.802273-03:00","ip":"201.71.140.251","ultima_edicao":"2023-04-11T13:39:20.833209-03:00","tipo":5,"regime_tramitacao":1,"tipo_origem_externa":null,"local_origem_externa":3,"user":9,"anexadas":[],"autores":[27]}