{"id":2225,"__str__":"INDICA\u00c7\u00d5ES n\u00ba 126 de 2023","link_detail_backend":"/materia/2225","metadata":{},"numero":126,"ano":2023,"numero_protocolo":null,"data_apresentacao":"2023-04-04","tipo_apresentacao":"E","data_publicacao":null,"numero_origem_externa":"","ano_origem_externa":null,"data_origem_externa":"2023-04-11","apelido":"","dias_prazo":null,"data_fim_prazo":null,"em_tramitacao":false,"polemica":false,"objeto":"","complementar":false,"ementa":"Exm\u00ba. Sr. Presidente da C\u00e2mara Municipal de Pocon\u00e9-MT.\r\n\r\nO Vereador que a esta subscreve, nos termos do Regimento Interno da Casa, INDICA as Suas Excel\u00eancias Ata\u00edl Marques do Amaral, Prefeito Municipal, Senadores Jayme Campos e Wellington Fagundes, Deputados Federais Juarez Costa, Emanuelzinho e F\u00e1bio Garcia, Deputados Estaduais Thiago Silva, Jana\u00edna Riva e J\u00falio Campos, buscar entendimentos e tomadas de providencias para liberar recursos financeiros destinados para aquisi\u00e7\u00e3o de um veiculo utilit\u00e1rio tipo caminhonete carroceria aberta equipada com escada girat\u00f3ria alcance m\u00ednimo de 10 metros, com suporte para escada auxiliar, cesto a\u00e9reo, para atender as demandas na manuten\u00e7\u00e3o da rede de ilumina\u00e7\u00e3o p\u00fablica, junto ao munic\u00edpio de Pocon\u00e9 \u2013 MT.\r\n\r\nSala das Sess\u00f5es \u201cJosefa Gon\u00e7alves\u201d, em 03 de abril de 2023.\r\n\r\n\r\nVer. M\u00e1rcio Fernandes, \u201cMarcinho\u201d, MDB.","indexacao":"","observacao":"","resultado":"","texto_original":"http://sapl.pocone.mt.leg.br/media/sapl/public/materialegislativa/2023/2225/indicacao_no_031-2023.pdf","data_ultima_atualizacao":"2023-04-11T12:15:10.222377-03:00","ip":"201.71.140.251","ultima_edicao":"2023-04-11T12:14:04.426991-03:00","tipo":7,"regime_tramitacao":1,"tipo_origem_externa":null,"local_origem_externa":1,"user":9,"anexadas":[],"autores":[21]}